{"id":2101,"date":"2020-11-26T14:29:07","date_gmt":"2020-11-26T18:29:07","guid":{"rendered":"https:\/\/panoramatv.com.do\/?p=2101"},"modified":"2020-11-26T14:29:13","modified_gmt":"2020-11-26T18:29:13","slug":"prodominicana-y-dgcine-firman-nuevo-acuerdo-de-cooperacion","status":"publish","type":"post","link":"https:\/\/panoramatv.com.do\/index.php\/2020\/11\/26\/prodominicana-y-dgcine-firman-nuevo-acuerdo-de-cooperacion\/","title":{"rendered":"ProDominicana y DGCINE firman nuevo acuerdo de cooperaci\u00f3n"},"content":{"rendered":"\n<p>El\u00a0<strong>Centro de Exportaci\u00f3n e Inversi\u00f3n de la Rep\u00fablica Dominicana (ProDominicana)<\/strong>\u00a0y la\u00a0<strong>Direcci\u00f3n General de Cine (DGCINE)<\/strong>\u00a0firmaron este lunes un nuevo acuerdo de cooperaci\u00f3n interinstitucional para el fomento de las inversiones y el desarrollo de la industria de cine en el pa\u00eds. El evento tuvo lugar en las instalaciones de\u00a0ProDominicana.<\/p>\n\n\n\n<p><br>Este nuevo\u00a0acuerdo de cooperaci\u00f3n interinstitucional\u00a0representa una alianza estrat\u00e9gica renovada, enfocada en\u00a0el desarrollo de\u00a0iniciativas\u00a0para el fomento, la promoci\u00f3n y la facilitaci\u00f3n de las inversiones, as\u00ed como\u00a0para establecer\u00a0mecanismos de coordinaci\u00f3n\u00a0destinados\u00a0a\u00a0impulsar el\u00a0desarrollo de\u00a0la\u00a0industria del cine.<\/p>\n\n\n\n<p><br>\u201cHemos colocado a\u00a0la industria del cine entre\u00a0nuestros\u00a0sectores estrat\u00e9gicos\u00a0de\u00a0inversi\u00f3n,\u00a0considerando\u00a0su\u00a0alto potencial y\u00a0sus\u00a0aportes para el desarrollo econ\u00f3mico, la generaci\u00f3n de empleos, la\u00a0promoci\u00f3n cultural y la identidad dominicana\u201d indic\u00f3\u00a0<strong>Biviana Riveiro Disla<\/strong>, directora ejecutiva de\u00a0<strong>ProDominicana<\/strong>.<\/p>\n\n\n\n<p><br>Adem\u00e1s,\u00a0<strong>Riveiro<\/strong>\u00a0destac\u00f3 que, desde octubre del a\u00f1o en curso,\u00a0<strong>ProDominicana\u00a0<\/strong>y<strong>\u00a0DGCINE<\/strong>\u00a0han mantenido labores permanentes\u00a0de consulta y\u00a0discusi\u00f3n\u00a0para el fortalecimiento de\u00a0esta importante alianza para la promoci\u00f3n y el desarrollo de la industria cinematogr\u00e1fica dominicana.<\/p>\n\n\n\n<p><br>Por otro lado,\u00a0<strong>Yvette Marichal<\/strong>, directora general de la<strong>\u00a0Direcci\u00f3n General de Cine (DGCINE)<\/strong>\u00a0y secretaria del\u00a0<strong>CIPAC<\/strong>\u00a0expres\u00f3 que \u201ccon esta nueva alianza aseguramos una coordinaci\u00f3n interinstitucional adecuada para respaldar las iniciativas de promoci\u00f3n, inversi\u00f3n y desarrollo de la industria de cine de la\u00a0<strong>Rep\u00fablica Dominicana<\/strong>.\u00bb<\/p>\n\n\n\n<p><br><strong>Sobre el acuerdo<\/strong><\/p>\n\n\n\n<p><br>Como elemento clave, el nuevo acuerdo\u00a0incluye\u00a0la\u00a0realizaci\u00f3n de esfuerzos dirigidos\u00a0a\u00a0impulsar el posicionamiento de la\u00a0<strong>Rep\u00fablica Dominicana<\/strong>\u00a0como un destino atractivo y competitivo para el rodaje de producciones audiovisuales de calidad internacional.<\/p>\n\n\n\n<p>A estos fines,\u00a0dispone\u00a0la identificaci\u00f3n y promoci\u00f3n de\u00a0locaciones;\u00a0la realizaci\u00f3n de\u00a0estudios y campa\u00f1as de promoci\u00f3n sobre las oportunidades\u00a0y los incentivos\u00a0de nuestra industria de cine;\u00a0la creaci\u00f3n de un mecanismo de an\u00e1lisis, discusi\u00f3n y planteamiento de soluciones, ante las amenazas que puedan\u00a0afectar las inversiones y el\u00a0crecimiento de la industria de cine;\u00a0y\u00a0finalmente,\u00a0el apoyo a\u00a0la creaci\u00f3n de\u00a0ofertas formativas, becas y programas capacitaci\u00f3n que permitan el desarrollo de\u00a0las\u00a0capacidades\u00a0que\u00a0la industria\u00a0necesita.<\/p>\n\n\n\n<p><br>Entre las responsabilidades de las partes, se incluye la concertaci\u00f3n de acciones con el sector privado, frente a las problem\u00e1ticas y desaf\u00edos que afecten el clima de inversi\u00f3n o la competitividad de esta industria.<\/p>\n\n\n\n<p><br><strong>Rep\u00fablica Dominicana<\/strong>, a trav\u00e9s de la\u00a0<strong>Ley No. 108-10<\/strong>, ofrece diversos incentivos en forma de deducciones y exenciones fiscales para la actividad cinematogr\u00e1fica, incluyendo\u00a0la internaci\u00f3n temporal\u00a0exonerada\u00a0de\u00a0los\u00a0equipos y bienes necesarios para la filmaci\u00f3n.<\/p>\n\n\n\n<div class=\"wp-block-image\"><figure class=\"aligncenter size-large\"><img decoding=\"async\" src=\"https:\/\/images.panoramatv.com.do\/wp-content\/uploads\/2020\/11\/unnamed-5-1024x535.jpg\" alt=\"\" class=\"wp-image-2102\"\/><\/figure><\/div>\n","protected":false},"excerpt":{"rendered":"<p>El\u00a0Centro de Exportaci\u00f3n e Inversi\u00f3n de la Rep\u00fablica Dominicana (ProDominicana)\u00a0y la\u00a0Direcci\u00f3n General de Cine (DGCINE)\u00a0firmaron este lunes un nuevo acuerdo de cooperaci\u00f3n interinstitucional para el fomento de las inversiones y el desarrollo de la industria de cine en el pa\u00eds. El evento tuvo lugar en las instalaciones de\u00a0ProDominicana. Este nuevo\u00a0acuerdo de cooperaci\u00f3n interinstitucional\u00a0representa una alianza [&hellip;]<\/p>\n","protected":false},"author":1,"featured_media":2102,"comment_status":"open","ping_status":"open","sticky":false,"template":"","format":"standard","meta":{"_jetpack_memberships_contains_paid_content":false,"footnotes":"","jetpack_publicize_message":"","jetpack_publicize_feature_enabled":true,"jetpack_social_post_already_shared":true,"jetpack_social_options":{"image_generator_settings":{"template":"highway","enabled":false}}},"categories":[1],"tags":[388],"class_list":["post-2101","post","type-post","status-publish","format-standard","has-post-thumbnail","hentry","category-actualidad","tag-prodominicana"],"jetpack_publicize_connections":[],"jetpack_sharing_enabled":true,"jetpack_featured_media_url":"https:\/\/panoramatv.com.do\/wp-content\/uploads\/2020\/11\/unnamed-5.jpg","jetpack_likes_enabled":true,"jetpack-related-posts":[],"_links":{"self":[{"href":"https:\/\/panoramatv.com.do\/index.php\/wp-json\/wp\/v2\/posts\/2101","targetHints":{"allow":["GET"]}}],"collection":[{"href":"https:\/\/panoramatv.com.do\/index.php\/wp-json\/wp\/v2\/posts"}],"about":[{"href":"https:\/\/panoramatv.com.do\/index.php\/wp-json\/wp\/v2\/types\/post"}],"author":[{"embeddable":true,"href":"https:\/\/panoramatv.com.do\/index.php\/wp-json\/wp\/v2\/users\/1"}],"replies":[{"embeddable":true,"href":"https:\/\/panoramatv.com.do\/index.php\/wp-json\/wp\/v2\/comments?post=2101"}],"version-history":[{"count":0,"href":"https:\/\/panoramatv.com.do\/index.php\/wp-json\/wp\/v2\/posts\/2101\/revisions"}],"wp:featuredmedia":[{"embeddable":true,"href":"https:\/\/panoramatv.com.do\/index.php\/wp-json\/wp\/v2\/media\/2102"}],"wp:attachment":[{"href":"https:\/\/panoramatv.com.do\/index.php\/wp-json\/wp\/v2\/media?parent=2101"}],"wp:term":[{"taxonomy":"category","embeddable":true,"href":"https:\/\/panoramatv.com.do\/index.php\/wp-json\/wp\/v2\/categories?post=2101"},{"taxonomy":"post_tag","embeddable":true,"href":"https:\/\/panoramatv.com.do\/index.php\/wp-json\/wp\/v2\/tags?post=2101"}],"curies":[{"name":"wp","href":"https:\/\/api.w.org\/{rel}","templated":true}]}}