{"id":20983,"date":"2026-08-05T10:26:52","date_gmt":"2026-08-05T14:26:52","guid":{"rendered":"https:\/\/panoramatv.com.do\/?p=20983"},"modified":"2026-08-05T10:26:56","modified_gmt":"2026-08-05T14:26:56","slug":"natacion-artistica-inicia-este-miercoles-en-los-juegos-centroamericanos-y-del-caribe","status":"publish","type":"post","link":"https:\/\/panoramatv.com.do\/index.php\/2026\/08\/05\/natacion-artistica-inicia-este-miercoles-en-los-juegos-centroamericanos-y-del-caribe\/","title":{"rendered":"Nataci\u00f3n art\u00edstica inicia este mi\u00e9rcoles en los Juegos Centroamericanos y del Caribe"},"content":{"rendered":"\n<p class=\"wp-block-paragraph\"><strong>Santo Domingo.<\/strong> \u2013 La <strong>nataci\u00f3n art\u00edstica<\/strong> iniciar\u00e1 este mi\u00e9rcoles 5 de agosto su participaci\u00f3n en los <strong>XXV Juegos Centroamericanos y del Caribe Santo Domingo 2026<\/strong>, con competencias desde las <strong>10:00 de la ma\u00f1ana<\/strong> en el <strong>Complejo Acu\u00e1tico Juan Pablo Duarte<\/strong>, donde permanecer\u00e1 en acci\u00f3n hasta el s\u00e1bado 8 de agosto.<\/p>\n\n\n\n<p class=\"wp-block-paragraph\">Un total de <strong>53 atletas de 10 pa\u00edses<\/strong> competir\u00e1n por las medallas en siete pruebas. La jornada inaugural incluir\u00e1 las finales del <strong>solo t\u00e9cnico femenino y masculino<\/strong>, cuyas premiaciones est\u00e1n previstas para las <strong>12:15 del mediod\u00eda<\/strong>, mientras que a las <strong>6:00 de la tarde<\/strong> se disputar\u00e1 la competencia t\u00e9cnica por equipos.<\/p>\n\n\n\n<p class=\"wp-block-paragraph\">La <strong>Rep\u00fablica Dominicana<\/strong> estar\u00e1 representada por <strong>Bianny Matos, Caterina Vargas, Wilma Rond\u00f3n, Cristina Lara, Ana Luc\u00eda Hermida, Isabella Presinal, Emma M\u00e9ndez, Camilla Griffith<\/strong> y <strong>Marlos Lora<\/strong>, quien se convertir\u00e1 en el <strong>primer dominicano en competir en la rama masculina<\/strong> de esta disciplina en unos Juegos Centroamericanos y del Caribe.<\/p>\n\n\n\n<p class=\"wp-block-paragraph\">Adem\u00e1s de la delegaci\u00f3n anfitriona, participar\u00e1n atletas de <strong>M\u00e9xico, Colombia, El Salvador, Aruba, Cuba, Costa Rica, Curazao, Guatemala y Venezuela<\/strong>. El programa continuar\u00e1 hasta el s\u00e1bado con las pruebas de duetos, equipos y rutina acrob\u00e1tica, que cerrar\u00e1 las competencias de nataci\u00f3n art\u00edstica en la edici\u00f3n centenaria de los Juegos.<\/p>\n\n\n<div class=\"wp-block-image\">\n<figure class=\"aligncenter size-full\"><img loading=\"lazy\" decoding=\"async\" width=\"1440\" height=\"960\" src=\"https:\/\/images.panoramatv.com.do\/wp-content\/uploads\/2026\/08\/piscin2.jpg\" alt=\"\" class=\"wp-image-20984\"\/><\/figure>\n<\/div>","protected":false},"excerpt":{"rendered":"<p>Santo Domingo. \u2013 La nataci\u00f3n art\u00edstica iniciar\u00e1 este mi\u00e9rcoles 5 de agosto su participaci\u00f3n en los XXV Juegos Centroamericanos y del Caribe Santo Domingo 2026, con competencias desde las 10:00 de la ma\u00f1ana en el Complejo Acu\u00e1tico Juan Pablo Duarte, donde permanecer\u00e1 en acci\u00f3n hasta el s\u00e1bado 8 de agosto. Un total de 53 atletas [&hellip;]<\/p>\n","protected":false},"author":1,"featured_media":20984,"comment_status":"open","ping_status":"open","sticky":false,"template":"","format":"standard","meta":{"_jetpack_memberships_contains_paid_content":false,"footnotes":"","jetpack_publicize_message":"","jetpack_publicize_feature_enabled":true,"jetpack_social_post_already_shared":true,"jetpack_social_options":{"image_generator_settings":{"template":"highway","enabled":false}}},"categories":[3728],"tags":[3717],"class_list":["post-20983","post","type-post","status-publish","format-standard","has-post-thumbnail","hentry","category-deportes","tag-juegos-centroamericanos-2026"],"jetpack_publicize_connections":[],"jetpack_sharing_enabled":true,"jetpack_featured_media_url":"https:\/\/images.panoramatv.com.do\/wp-content\/uploads\/2026\/08\/piscin2.jpg","jetpack_likes_enabled":true,"jetpack-related-posts":[],"_links":{"self":[{"href":"https:\/\/panoramatv.com.do\/index.php\/wp-json\/wp\/v2\/posts\/20983","targetHints":{"allow":["GET"]}}],"collection":[{"href":"https:\/\/panoramatv.com.do\/index.php\/wp-json\/wp\/v2\/posts"}],"about":[{"href":"https:\/\/panoramatv.com.do\/index.php\/wp-json\/wp\/v2\/types\/post"}],"author":[{"embeddable":true,"href":"https:\/\/panoramatv.com.do\/index.php\/wp-json\/wp\/v2\/users\/1"}],"replies":[{"embeddable":true,"href":"https:\/\/panoramatv.com.do\/index.php\/wp-json\/wp\/v2\/comments?post=20983"}],"version-history":[{"count":1,"href":"https:\/\/panoramatv.com.do\/index.php\/wp-json\/wp\/v2\/posts\/20983\/revisions"}],"predecessor-version":[{"id":20985,"href":"https:\/\/panoramatv.com.do\/index.php\/wp-json\/wp\/v2\/posts\/20983\/revisions\/20985"}],"wp:featuredmedia":[{"embeddable":true,"href":"https:\/\/panoramatv.com.do\/index.php\/wp-json\/wp\/v2\/media\/20984"}],"wp:attachment":[{"href":"https:\/\/panoramatv.com.do\/index.php\/wp-json\/wp\/v2\/media?parent=20983"}],"wp:term":[{"taxonomy":"category","embeddable":true,"href":"https:\/\/panoramatv.com.do\/index.php\/wp-json\/wp\/v2\/categories?post=20983"},{"taxonomy":"post_tag","embeddable":true,"href":"https:\/\/panoramatv.com.do\/index.php\/wp-json\/wp\/v2\/tags?post=20983"}],"curies":[{"name":"wp","href":"https:\/\/api.w.org\/{rel}","templated":true}]}}