{"id":20846,"date":"2026-08-03T08:28:05","date_gmt":"2026-08-03T12:28:05","guid":{"rendered":"https:\/\/panoramatv.com.do\/?p=20846"},"modified":"2026-08-03T08:28:09","modified_gmt":"2026-08-03T12:28:09","slug":"nicolas-gomez-gana-oro-en-ciclismo-de-ruta","status":"publish","type":"post","link":"https:\/\/panoramatv.com.do\/index.php\/2026\/08\/03\/nicolas-gomez-gana-oro-en-ciclismo-de-ruta\/","title":{"rendered":"Nicol\u00e1s G\u00f3mez gana oro en ciclismo de ruta"},"content":{"rendered":"\n<p class=\"wp-block-paragraph\">El colombiano Nicol\u00e1s G\u00f3mez conquist\u00f3 este domingo la medalla de oro en la prueba de ciclismo de ruta de los XXV Juegos Centroamericanos y del Caribe Santo Domingo 2026, tras completar un recorrido de 169.5 kil\u00f3metros en un tiempo de 3:47:59 horas.<\/p>\n\n\n\n<p class=\"wp-block-paragraph\">G\u00f3mez logr\u00f3 desprenderse del pelot\u00f3n en la \u00faltima vuelta del circuito realizado en el Centro de los H\u00e9roes y el Malec\u00f3n de Santo Domingo, imponi\u00e9ndose con un fuerte sprint en la jornada que cerr\u00f3 las competencias de ciclismo de pista y ruta.<\/p>\n\n\n\n<p class=\"wp-block-paragraph\">El podio lo completaron Joseph Ram\u00edrez, de Costa Rica, con tiempo de 3:48:00 horas, y Roberto Gonz\u00e1lez, de Panam\u00e1, quien obtuvo la medalla de bronce con el mismo registro. M\u00e9xico, Colombia y Puerto Rico tambi\u00e9n figuraron entre los mejores clasificados.<\/p>\n\n\n\n<p class=\"wp-block-paragraph\">El dominicano Jonathan Ogando fue el mejor representante local al finalizar en la novena posici\u00f3n con tiempo de 3:48:02 horas, seguido por Alberto Ramos en el puesto 11 y Juan Del Rosario en el lugar 14.<\/p>\n\n\n<div class=\"wp-block-image\">\n<figure class=\"aligncenter size-full\"><img loading=\"lazy\" decoding=\"async\" width=\"2560\" height=\"1703\" src=\"https:\/\/images.panoramatv.com.do\/wp-content\/uploads\/2026\/08\/ciclismo-masc2-scaled-1-1.jpg\" alt=\"\" class=\"wp-image-20848\"\/><\/figure>\n<\/div>","protected":false},"excerpt":{"rendered":"<p>El colombiano Nicol\u00e1s G\u00f3mez conquist\u00f3 este domingo la medalla de oro en la prueba de ciclismo de ruta de los XXV Juegos Centroamericanos y del Caribe Santo Domingo 2026, tras completar un recorrido de 169.5 kil\u00f3metros en un tiempo de 3:47:59 horas. G\u00f3mez logr\u00f3 desprenderse del pelot\u00f3n en la \u00faltima vuelta del circuito realizado en [&hellip;]<\/p>\n","protected":false},"author":1,"featured_media":20848,"comment_status":"open","ping_status":"open","sticky":false,"template":"","format":"standard","meta":{"_jetpack_memberships_contains_paid_content":false,"footnotes":"","jetpack_publicize_message":"","jetpack_publicize_feature_enabled":true,"jetpack_social_post_already_shared":true,"jetpack_social_options":{"image_generator_settings":{"template":"highway","enabled":false}}},"categories":[3728],"tags":[3717],"class_list":["post-20846","post","type-post","status-publish","format-standard","has-post-thumbnail","hentry","category-deportes","tag-juegos-centroamericanos-2026"],"jetpack_publicize_connections":[],"jetpack_sharing_enabled":true,"jetpack_featured_media_url":"https:\/\/images.panoramatv.com.do\/wp-content\/uploads\/2026\/08\/ciclismo-masc2-scaled-1-1.jpg","jetpack_likes_enabled":true,"jetpack-related-posts":[],"_links":{"self":[{"href":"https:\/\/panoramatv.com.do\/index.php\/wp-json\/wp\/v2\/posts\/20846","targetHints":{"allow":["GET"]}}],"collection":[{"href":"https:\/\/panoramatv.com.do\/index.php\/wp-json\/wp\/v2\/posts"}],"about":[{"href":"https:\/\/panoramatv.com.do\/index.php\/wp-json\/wp\/v2\/types\/post"}],"author":[{"embeddable":true,"href":"https:\/\/panoramatv.com.do\/index.php\/wp-json\/wp\/v2\/users\/1"}],"replies":[{"embeddable":true,"href":"https:\/\/panoramatv.com.do\/index.php\/wp-json\/wp\/v2\/comments?post=20846"}],"version-history":[{"count":1,"href":"https:\/\/panoramatv.com.do\/index.php\/wp-json\/wp\/v2\/posts\/20846\/revisions"}],"predecessor-version":[{"id":20849,"href":"https:\/\/panoramatv.com.do\/index.php\/wp-json\/wp\/v2\/posts\/20846\/revisions\/20849"}],"wp:featuredmedia":[{"embeddable":true,"href":"https:\/\/panoramatv.com.do\/index.php\/wp-json\/wp\/v2\/media\/20848"}],"wp:attachment":[{"href":"https:\/\/panoramatv.com.do\/index.php\/wp-json\/wp\/v2\/media?parent=20846"}],"wp:term":[{"taxonomy":"category","embeddable":true,"href":"https:\/\/panoramatv.com.do\/index.php\/wp-json\/wp\/v2\/categories?post=20846"},{"taxonomy":"post_tag","embeddable":true,"href":"https:\/\/panoramatv.com.do\/index.php\/wp-json\/wp\/v2\/tags?post=20846"}],"curies":[{"name":"wp","href":"https:\/\/api.w.org\/{rel}","templated":true}]}}