{"id":20843,"date":"2026-08-03T08:26:54","date_gmt":"2026-08-03T12:26:54","guid":{"rendered":"https:\/\/panoramatv.com.do\/?p=20843"},"modified":"2026-08-03T08:26:58","modified_gmt":"2026-08-03T12:26:58","slug":"venezuela-gana-oro-en-pistola-de-aire-10-metros","status":"publish","type":"post","link":"https:\/\/panoramatv.com.do\/index.php\/2026\/08\/03\/venezuela-gana-oro-en-pistola-de-aire-10-metros\/","title":{"rendered":"Venezuela gana oro en pistola de aire 10 metros"},"content":{"rendered":"\n<p class=\"wp-block-paragraph\">La representaci\u00f3n de Venezuela se alz\u00f3 con la medalla de oro en la competencia de tiro de pistola de aire comprimido 10 metros por equipos de los XXV Juegos Centroamericanos y del Caribe Santo Domingo 2026.<\/p>\n\n\n\n<p class=\"wp-block-paragraph\">El equipo venezolano, integrado por Diego Oduber Medina, Douglas G\u00f3mez De Freitas y Rafael Ochoa N., logr\u00f3 una puntuaci\u00f3n de 1683 unidades, resultado que le permiti\u00f3 quedarse con el primer lugar del evento.<\/p>\n\n\n\n<p class=\"wp-block-paragraph\">La medalla de plata correspondi\u00f3 a M\u00e9xico, cuyos tiradores Carlos Gonz\u00e1lez Garza, Daniel Urqueza Salas y David Valdez Mouet acumularon 1682 puntos, quedando a solo una unidad de la cima.<\/p>\n\n\n\n<p class=\"wp-block-paragraph\">Guatemala complet\u00f3 el podio al conquistar la medalla de bronce con la actuaci\u00f3n de Albeno Jim\u00e9nez, Jos\u00e9 Jim\u00e9nez y David Castillo Aguilar, quienes sumaron 1680 puntos en la prueba.<\/p>\n\n\n<div class=\"wp-block-image\">\n<figure class=\"aligncenter size-full\"><img loading=\"lazy\" decoding=\"async\" width=\"1280\" height=\"853\" src=\"https:\/\/images.panoramatv.com.do\/wp-content\/uploads\/2026\/08\/tiro-por-equipo-m.jpg\" alt=\"\" class=\"wp-image-20844\"\/><\/figure>\n<\/div>","protected":false},"excerpt":{"rendered":"<p>La representaci\u00f3n de Venezuela se alz\u00f3 con la medalla de oro en la competencia de tiro de pistola de aire comprimido 10 metros por equipos de los XXV Juegos Centroamericanos y del Caribe Santo Domingo 2026. El equipo venezolano, integrado por Diego Oduber Medina, Douglas G\u00f3mez De Freitas y Rafael Ochoa N., logr\u00f3 una puntuaci\u00f3n [&hellip;]<\/p>\n","protected":false},"author":1,"featured_media":20844,"comment_status":"open","ping_status":"open","sticky":false,"template":"","format":"standard","meta":{"_jetpack_memberships_contains_paid_content":false,"footnotes":"","jetpack_publicize_message":"","jetpack_publicize_feature_enabled":true,"jetpack_social_post_already_shared":true,"jetpack_social_options":{"image_generator_settings":{"template":"highway","enabled":false}}},"categories":[3728],"tags":[3717],"class_list":["post-20843","post","type-post","status-publish","format-standard","has-post-thumbnail","hentry","category-deportes","tag-juegos-centroamericanos-2026"],"jetpack_publicize_connections":[],"jetpack_sharing_enabled":true,"jetpack_featured_media_url":"https:\/\/images.panoramatv.com.do\/wp-content\/uploads\/2026\/08\/tiro-por-equipo-m.jpg","jetpack_likes_enabled":true,"jetpack-related-posts":[],"_links":{"self":[{"href":"https:\/\/panoramatv.com.do\/index.php\/wp-json\/wp\/v2\/posts\/20843","targetHints":{"allow":["GET"]}}],"collection":[{"href":"https:\/\/panoramatv.com.do\/index.php\/wp-json\/wp\/v2\/posts"}],"about":[{"href":"https:\/\/panoramatv.com.do\/index.php\/wp-json\/wp\/v2\/types\/post"}],"author":[{"embeddable":true,"href":"https:\/\/panoramatv.com.do\/index.php\/wp-json\/wp\/v2\/users\/1"}],"replies":[{"embeddable":true,"href":"https:\/\/panoramatv.com.do\/index.php\/wp-json\/wp\/v2\/comments?post=20843"}],"version-history":[{"count":1,"href":"https:\/\/panoramatv.com.do\/index.php\/wp-json\/wp\/v2\/posts\/20843\/revisions"}],"predecessor-version":[{"id":20845,"href":"https:\/\/panoramatv.com.do\/index.php\/wp-json\/wp\/v2\/posts\/20843\/revisions\/20845"}],"wp:featuredmedia":[{"embeddable":true,"href":"https:\/\/panoramatv.com.do\/index.php\/wp-json\/wp\/v2\/media\/20844"}],"wp:attachment":[{"href":"https:\/\/panoramatv.com.do\/index.php\/wp-json\/wp\/v2\/media?parent=20843"}],"wp:term":[{"taxonomy":"category","embeddable":true,"href":"https:\/\/panoramatv.com.do\/index.php\/wp-json\/wp\/v2\/categories?post=20843"},{"taxonomy":"post_tag","embeddable":true,"href":"https:\/\/panoramatv.com.do\/index.php\/wp-json\/wp\/v2\/tags?post=20843"}],"curies":[{"name":"wp","href":"https:\/\/api.w.org\/{rel}","templated":true}]}}