{"id":20806,"date":"2026-08-03T08:07:32","date_gmt":"2026-08-03T12:07:32","guid":{"rendered":"https:\/\/panoramatv.com.do\/?p=20806"},"modified":"2026-08-03T08:07:35","modified_gmt":"2026-08-03T12:07:35","slug":"colombia-conquista-el-oro-en-los-77-kg-de-lucha-grecorromana","status":"publish","type":"post","link":"https:\/\/panoramatv.com.do\/index.php\/2026\/08\/03\/colombia-conquista-el-oro-en-los-77-kg-de-lucha-grecorromana\/","title":{"rendered":"Colombia conquista el oro en los 77 kg de lucha grecorromana"},"content":{"rendered":"\n<p class=\"wp-block-paragraph\"><strong>Santo Domingo.<\/strong> \u2013 El colombiano <strong>Jair Cuero<\/strong> conquist\u00f3 la medalla de oro en la categor\u00eda de <strong>77 kilogramos<\/strong> del torneo de <strong>lucha grecorromana<\/strong> de los <strong>XXV Juegos Centroamericanos y del Caribe Santo Domingo 2026<\/strong>, tras imponerse al venezolano <strong>Lui Medina<\/strong> en la final.<\/p>\n\n\n\n<p class=\"wp-block-paragraph\">Cuero dominaba el combate por puntos antes de sellar la victoria <strong>por toque de espaldas<\/strong>, resultado que le otorg\u00f3 la presea dorada y confirm\u00f3 el buen desempe\u00f1o de Colombia en esta disciplina.<\/p>\n\n\n\n<p class=\"wp-block-paragraph\">Las medallas de bronce quedaron en manos del guatemalteco <strong>David Choc<\/strong>, quien derrot\u00f3 por <strong>superioridad t\u00e9cnica (8-0)<\/strong> al dominicano <strong>Starlin Laguerre<\/strong>, y del mexicano <strong>Emmanuel Ben\u00edtez<\/strong>, vencedor <strong>5-1<\/strong> por puntos sobre el puertorrique\u00f1o <strong>Luis Centeno<\/strong>.<\/p>\n\n\n\n<p class=\"wp-block-paragraph\">Al concluir el combate, <strong>Luis Centeno<\/strong> anunci\u00f3 oficialmente su retiro de la lucha, dejando sus botines en el centro del colch\u00f3n, un gesto tradicional que simboliza el cierre de su carrera deportiva.<\/p>\n\n\n<div class=\"wp-block-image\">\n<figure class=\"aligncenter size-full\"><img loading=\"lazy\" decoding=\"async\" width=\"1024\" height=\"682\" src=\"https:\/\/images.panoramatv.com.do\/wp-content\/uploads\/2026\/08\/jairo-cuero-1024x682-1.jpg\" alt=\"\" class=\"wp-image-20807\"\/><\/figure>\n<\/div>","protected":false},"excerpt":{"rendered":"<p>Santo Domingo. \u2013 El colombiano Jair Cuero conquist\u00f3 la medalla de oro en la categor\u00eda de 77 kilogramos del torneo de lucha grecorromana de los XXV Juegos Centroamericanos y del Caribe Santo Domingo 2026, tras imponerse al venezolano Lui Medina en la final. Cuero dominaba el combate por puntos antes de sellar la victoria por [&hellip;]<\/p>\n","protected":false},"author":1,"featured_media":20807,"comment_status":"open","ping_status":"open","sticky":false,"template":"","format":"standard","meta":{"_jetpack_memberships_contains_paid_content":false,"footnotes":"","jetpack_publicize_message":"","jetpack_publicize_feature_enabled":true,"jetpack_social_post_already_shared":true,"jetpack_social_options":{"image_generator_settings":{"template":"highway","enabled":false}}},"categories":[3728],"tags":[3717],"class_list":["post-20806","post","type-post","status-publish","format-standard","has-post-thumbnail","hentry","category-deportes","tag-juegos-centroamericanos-2026"],"jetpack_publicize_connections":[],"jetpack_sharing_enabled":true,"jetpack_featured_media_url":"https:\/\/images.panoramatv.com.do\/wp-content\/uploads\/2026\/08\/jairo-cuero-1024x682-1.jpg","jetpack_likes_enabled":true,"jetpack-related-posts":[],"_links":{"self":[{"href":"https:\/\/panoramatv.com.do\/index.php\/wp-json\/wp\/v2\/posts\/20806","targetHints":{"allow":["GET"]}}],"collection":[{"href":"https:\/\/panoramatv.com.do\/index.php\/wp-json\/wp\/v2\/posts"}],"about":[{"href":"https:\/\/panoramatv.com.do\/index.php\/wp-json\/wp\/v2\/types\/post"}],"author":[{"embeddable":true,"href":"https:\/\/panoramatv.com.do\/index.php\/wp-json\/wp\/v2\/users\/1"}],"replies":[{"embeddable":true,"href":"https:\/\/panoramatv.com.do\/index.php\/wp-json\/wp\/v2\/comments?post=20806"}],"version-history":[{"count":1,"href":"https:\/\/panoramatv.com.do\/index.php\/wp-json\/wp\/v2\/posts\/20806\/revisions"}],"predecessor-version":[{"id":20808,"href":"https:\/\/panoramatv.com.do\/index.php\/wp-json\/wp\/v2\/posts\/20806\/revisions\/20808"}],"wp:featuredmedia":[{"embeddable":true,"href":"https:\/\/panoramatv.com.do\/index.php\/wp-json\/wp\/v2\/media\/20807"}],"wp:attachment":[{"href":"https:\/\/panoramatv.com.do\/index.php\/wp-json\/wp\/v2\/media?parent=20806"}],"wp:term":[{"taxonomy":"category","embeddable":true,"href":"https:\/\/panoramatv.com.do\/index.php\/wp-json\/wp\/v2\/categories?post=20806"},{"taxonomy":"post_tag","embeddable":true,"href":"https:\/\/panoramatv.com.do\/index.php\/wp-json\/wp\/v2\/tags?post=20806"}],"curies":[{"name":"wp","href":"https:\/\/api.w.org\/{rel}","templated":true}]}}