{"id":20791,"date":"2026-08-03T08:01:41","date_gmt":"2026-08-03T12:01:41","guid":{"rendered":"https:\/\/panoramatv.com.do\/?p=20791"},"modified":"2026-08-03T08:01:45","modified_gmt":"2026-08-03T12:01:45","slug":"colombia-conquista-el-oro-por-equipos-en-la-gimnasia-artistica","status":"publish","type":"post","link":"https:\/\/panoramatv.com.do\/index.php\/2026\/08\/03\/colombia-conquista-el-oro-por-equipos-en-la-gimnasia-artistica\/","title":{"rendered":"Colombia conquista el oro por equipos en la gimnasia art\u00edstica"},"content":{"rendered":"\n<p class=\"wp-block-paragraph\"><strong>Santo Domingo.<\/strong> \u2013 <strong>Colombia<\/strong> se proclam\u00f3 campe\u00f3n de la competencia masculina por equipos de <strong>gimnasia art\u00edstica<\/strong> en los <strong>XXV Juegos Centroamericanos y del Caribe Santo Domingo 2026<\/strong>, al conquistar la medalla de oro con una destacada actuaci\u00f3n en el Parque Mirador del Este.<\/p>\n\n\n\n<p class=\"wp-block-paragraph\">El conjunto colombiano, integrado por <strong>Thomas Mej\u00eda, \u00c1ngel Barajas, Yan Zabala, Keynher Vera y Jorman \u00c1lvarez<\/strong>, acumul\u00f3 <strong>239.350 puntos<\/strong> tras competir en las pruebas de piso, caballo con arcos, anillas, salto, barras paralelas y barra horizontal. <strong>Puerto Rico<\/strong> se qued\u00f3 con la medalla de plata al sumar <strong>231.300 puntos<\/strong>, mientras que <strong>M\u00e9xico<\/strong> obtuvo el bronce con <strong>228.750<\/strong>.<\/p>\n\n\n\n<p class=\"wp-block-paragraph\">A pesar de algunos errores durante la competencia, el equipo sudamericano logr\u00f3 mantener el liderato. Puerto Rico vio afectado su desempe\u00f1o por las dificultades de <strong>Nelson Guilbe<\/strong>, quien no pudo completar cinco de las seis rutinas, mientras que M\u00e9xico tambi\u00e9n sufri\u00f3 fallos de <strong>Cristian Ram\u00edrez<\/strong> y <strong>Juan Pablo Porras<\/strong> en varias presentaciones.<\/p>\n\n\n\n<p class=\"wp-block-paragraph\">Esta fue la <strong>primera medalla<\/strong> otorgada en la gimnasia art\u00edstica de los Juegos Centroamericanos y del Caribe Santo Domingo 2026. La disciplina continuar\u00e1 con las competencias individuales y por aparatos hasta el <strong>jueves 6 de agosto<\/strong>, cuando concluir\u00e1 su calendario.<\/p>\n\n\n<div class=\"wp-block-image\">\n<figure class=\"aligncenter size-full\"><img loading=\"lazy\" decoding=\"async\" width=\"1024\" height=\"682\" src=\"https:\/\/images.panoramatv.com.do\/wp-content\/uploads\/2026\/08\/WhatsApp-Image-2026-08-02-at-7.06.56-PM-1024x682-1.jpg\" alt=\"\" class=\"wp-image-20792\"\/><\/figure>\n<\/div>","protected":false},"excerpt":{"rendered":"<p>Santo Domingo. \u2013 Colombia se proclam\u00f3 campe\u00f3n de la competencia masculina por equipos de gimnasia art\u00edstica en los XXV Juegos Centroamericanos y del Caribe Santo Domingo 2026, al conquistar la medalla de oro con una destacada actuaci\u00f3n en el Parque Mirador del Este. El conjunto colombiano, integrado por Thomas Mej\u00eda, \u00c1ngel Barajas, Yan Zabala, Keynher [&hellip;]<\/p>\n","protected":false},"author":1,"featured_media":20792,"comment_status":"open","ping_status":"open","sticky":false,"template":"","format":"standard","meta":{"_jetpack_memberships_contains_paid_content":false,"footnotes":"","jetpack_publicize_message":"","jetpack_publicize_feature_enabled":true,"jetpack_social_post_already_shared":true,"jetpack_social_options":{"image_generator_settings":{"template":"highway","enabled":false}}},"categories":[3728],"tags":[3740],"class_list":["post-20791","post","type-post","status-publish","format-standard","has-post-thumbnail","hentry","category-deportes","tag-juegos-centroamericanos-y-del-caribe"],"jetpack_publicize_connections":[],"jetpack_sharing_enabled":true,"jetpack_featured_media_url":"https:\/\/images.panoramatv.com.do\/wp-content\/uploads\/2026\/08\/WhatsApp-Image-2026-08-02-at-7.06.56-PM-1024x682-1.jpg","jetpack_likes_enabled":true,"jetpack-related-posts":[],"_links":{"self":[{"href":"https:\/\/panoramatv.com.do\/index.php\/wp-json\/wp\/v2\/posts\/20791","targetHints":{"allow":["GET"]}}],"collection":[{"href":"https:\/\/panoramatv.com.do\/index.php\/wp-json\/wp\/v2\/posts"}],"about":[{"href":"https:\/\/panoramatv.com.do\/index.php\/wp-json\/wp\/v2\/types\/post"}],"author":[{"embeddable":true,"href":"https:\/\/panoramatv.com.do\/index.php\/wp-json\/wp\/v2\/users\/1"}],"replies":[{"embeddable":true,"href":"https:\/\/panoramatv.com.do\/index.php\/wp-json\/wp\/v2\/comments?post=20791"}],"version-history":[{"count":1,"href":"https:\/\/panoramatv.com.do\/index.php\/wp-json\/wp\/v2\/posts\/20791\/revisions"}],"predecessor-version":[{"id":20793,"href":"https:\/\/panoramatv.com.do\/index.php\/wp-json\/wp\/v2\/posts\/20791\/revisions\/20793"}],"wp:featuredmedia":[{"embeddable":true,"href":"https:\/\/panoramatv.com.do\/index.php\/wp-json\/wp\/v2\/media\/20792"}],"wp:attachment":[{"href":"https:\/\/panoramatv.com.do\/index.php\/wp-json\/wp\/v2\/media?parent=20791"}],"wp:term":[{"taxonomy":"category","embeddable":true,"href":"https:\/\/panoramatv.com.do\/index.php\/wp-json\/wp\/v2\/categories?post=20791"},{"taxonomy":"post_tag","embeddable":true,"href":"https:\/\/panoramatv.com.do\/index.php\/wp-json\/wp\/v2\/tags?post=20791"}],"curies":[{"name":"wp","href":"https:\/\/api.w.org\/{rel}","templated":true}]}}