{"id":20787,"date":"2026-08-02T16:34:10","date_gmt":"2026-08-02T20:34:10","guid":{"rendered":"https:\/\/panoramatv.com.do\/?p=20787"},"modified":"2026-08-02T16:34:13","modified_gmt":"2026-08-02T20:34:13","slug":"republica-dominicana-inicia-la-defensa-de-su-corona-en-el-voleibol-femenino","status":"publish","type":"post","link":"https:\/\/panoramatv.com.do\/index.php\/2026\/08\/02\/republica-dominicana-inicia-la-defensa-de-su-corona-en-el-voleibol-femenino\/","title":{"rendered":"Rep\u00fablica Dominicana inicia la defensa de su corona en el voleibol femenino"},"content":{"rendered":"\n<p class=\"wp-block-paragraph\"><strong>Santo Domingo.<\/strong> \u2013 La selecci\u00f3n femenina de <strong>Rep\u00fablica Dominicana<\/strong> inicia este lunes la defensa de su t\u00edtulo en el torneo de voleibol de los <strong>XXV Juegos Centroamericanos y del Caribe Santo Domingo 2026<\/strong>, con el objetivo de conquistar su <strong>novena medalla de oro<\/strong> y extender a <strong>siete<\/strong> su racha de campeonatos consecutivos en la justa regional.<\/p>\n\n\n\n<p class=\"wp-block-paragraph\">Las <strong>Reinas del Caribe<\/strong>, que comparten el liderato hist\u00f3rico de preseas doradas con <strong>Cuba<\/strong> (ocho t\u00edtulos cada una), debutar\u00e1n frente a <strong>Costa Rica<\/strong> a las <strong>8:00 de la noche<\/strong> en el <strong>Palacio del Voleibol Profesor Ricardo Gioriber Arias<\/strong>, sede oficial de la competencia.<\/p>\n\n\n\n<p class=\"wp-block-paragraph\">El torneo re\u00fane a ocho selecciones divididas en dos grupos. El <strong>Grupo A<\/strong> est\u00e1 integrado por <strong>Colombia, M\u00e9xico, Trinidad y Tobago y Venezuela<\/strong>, mientras que el <strong>Grupo B<\/strong> lo conforman <strong>Rep\u00fablica Dominicana, Cuba, Puerto Rico y Costa Rica<\/strong>, prometiendo una fase preliminar de alto nivel competitivo.<\/p>\n\n\n\n<p class=\"wp-block-paragraph\">La jornada inaugural comenzar\u00e1 a las <strong>2:00 de la tarde<\/strong> con el partido entre <strong>M\u00e9xico y Trinidad y Tobago<\/strong>. Posteriormente, <strong>Colombia<\/strong> enfrentar\u00e1 a <strong>Venezuela<\/strong>, <strong>Puerto Rico<\/strong> se medir\u00e1 a <strong>Cuba<\/strong> a las <strong>6:00 de la tarde<\/strong>, y el cierre estar\u00e1 a cargo de las anfitrionas, que buscar\u00e1n comenzar con \u00e9xito el camino hacia una nueva corona regional.<\/p>\n\n\n<div class=\"wp-block-image\">\n<figure class=\"aligncenter size-full\"><img loading=\"lazy\" decoding=\"async\" width=\"1600\" height=\"1066\" src=\"https:\/\/images.panoramatv.com.do\/wp-content\/uploads\/2026\/08\/Dominicanas.jpg\" alt=\"\" class=\"wp-image-20788\"\/><\/figure>\n<\/div>","protected":false},"excerpt":{"rendered":"<p>Santo Domingo. \u2013 La selecci\u00f3n femenina de Rep\u00fablica Dominicana inicia este lunes la defensa de su t\u00edtulo en el torneo de voleibol de los XXV Juegos Centroamericanos y del Caribe Santo Domingo 2026, con el objetivo de conquistar su novena medalla de oro y extender a siete su racha de campeonatos consecutivos en la justa [&hellip;]<\/p>\n","protected":false},"author":1,"featured_media":20788,"comment_status":"open","ping_status":"open","sticky":false,"template":"","format":"standard","meta":{"_jetpack_memberships_contains_paid_content":false,"footnotes":"","jetpack_publicize_message":"","jetpack_publicize_feature_enabled":true,"jetpack_social_post_already_shared":true,"jetpack_social_options":{"image_generator_settings":{"template":"highway","enabled":false}}},"categories":[3728],"tags":[3717],"class_list":["post-20787","post","type-post","status-publish","format-standard","has-post-thumbnail","hentry","category-deportes","tag-juegos-centroamericanos-2026"],"jetpack_publicize_connections":[],"jetpack_sharing_enabled":true,"jetpack_featured_media_url":"https:\/\/images.panoramatv.com.do\/wp-content\/uploads\/2026\/08\/Dominicanas.jpg","jetpack_likes_enabled":true,"jetpack-related-posts":[],"_links":{"self":[{"href":"https:\/\/panoramatv.com.do\/index.php\/wp-json\/wp\/v2\/posts\/20787","targetHints":{"allow":["GET"]}}],"collection":[{"href":"https:\/\/panoramatv.com.do\/index.php\/wp-json\/wp\/v2\/posts"}],"about":[{"href":"https:\/\/panoramatv.com.do\/index.php\/wp-json\/wp\/v2\/types\/post"}],"author":[{"embeddable":true,"href":"https:\/\/panoramatv.com.do\/index.php\/wp-json\/wp\/v2\/users\/1"}],"replies":[{"embeddable":true,"href":"https:\/\/panoramatv.com.do\/index.php\/wp-json\/wp\/v2\/comments?post=20787"}],"version-history":[{"count":1,"href":"https:\/\/panoramatv.com.do\/index.php\/wp-json\/wp\/v2\/posts\/20787\/revisions"}],"predecessor-version":[{"id":20789,"href":"https:\/\/panoramatv.com.do\/index.php\/wp-json\/wp\/v2\/posts\/20787\/revisions\/20789"}],"wp:featuredmedia":[{"embeddable":true,"href":"https:\/\/panoramatv.com.do\/index.php\/wp-json\/wp\/v2\/media\/20788"}],"wp:attachment":[{"href":"https:\/\/panoramatv.com.do\/index.php\/wp-json\/wp\/v2\/media?parent=20787"}],"wp:term":[{"taxonomy":"category","embeddable":true,"href":"https:\/\/panoramatv.com.do\/index.php\/wp-json\/wp\/v2\/categories?post=20787"},{"taxonomy":"post_tag","embeddable":true,"href":"https:\/\/panoramatv.com.do\/index.php\/wp-json\/wp\/v2\/tags?post=20787"}],"curies":[{"name":"wp","href":"https:\/\/api.w.org\/{rel}","templated":true}]}}