{"id":20778,"date":"2026-08-02T16:28:57","date_gmt":"2026-08-02T20:28:57","guid":{"rendered":"https:\/\/panoramatv.com.do\/?p=20778"},"modified":"2026-08-02T16:29:00","modified_gmt":"2026-08-02T20:29:00","slug":"alvaro-abreu-conquista-el-oro-para-republica-dominicana-en-la-media-maraton","status":"publish","type":"post","link":"https:\/\/panoramatv.com.do\/index.php\/2026\/08\/02\/alvaro-abreu-conquista-el-oro-para-republica-dominicana-en-la-media-maraton\/","title":{"rendered":"\u00c1lvaro Abreu conquista el oro para Rep\u00fablica Dominicana en la media marat\u00f3n"},"content":{"rendered":"\n<p class=\"wp-block-paragraph\"><strong>Santo Domingo.<\/strong> \u2013 El dominicano <strong>\u00c1lvaro Abreu<\/strong> conquist\u00f3 este domingo la <strong>medalla de oro<\/strong> en la prueba de <strong>media marat\u00f3n<\/strong> durante el inicio de las competencias de atletismo de los <strong>XXV Juegos Centroamericanos y del Caribe Santo Domingo 2026<\/strong>, brindando otra alegr\u00eda a la delegaci\u00f3n anfitriona.<\/p>\n\n\n\n<p class=\"wp-block-paragraph\">Abreu complet\u00f3 el recorrido de <strong>21.097 kil\u00f3metros<\/strong> con un tiempo de <strong>1 hora, 2 minutos y 48 segundos<\/strong>, imponi\u00e9ndose con autoridad para subir a lo m\u00e1s alto del podio y sumar una nueva presea dorada para la Rep\u00fablica Dominicana.<\/p>\n\n\n\n<p class=\"wp-block-paragraph\">La <strong>medalla de plata<\/strong> fue para el guatemalteco <strong>Alberto Gonz\u00e1lez<\/strong>, quien registr\u00f3 un tiempo de <strong>1:04:58<\/strong>, mientras que el puertorrique\u00f1o <strong>H\u00e9ctor Pag\u00e1n<\/strong> obtuvo el <strong>bronce<\/strong> al detener el cron\u00f3metro en <strong>1:05:33<\/strong>.<\/p>\n\n\n\n<p class=\"wp-block-paragraph\">En la prueba tambi\u00e9n particip\u00f3 el dominicano <strong>Amauri Rodr\u00edguez<\/strong>, quien concluy\u00f3 en la <strong>s\u00e9ptima posici\u00f3n<\/strong> con un tiempo de <strong>1:07:21<\/strong>, contribuyendo a la destacada actuaci\u00f3n de la representaci\u00f3n nacional en el inicio del campeonato de atletismo.<\/p>\n\n\n<div class=\"wp-block-image\">\n<figure class=\"aligncenter size-full\"><img loading=\"lazy\" decoding=\"async\" width=\"2560\" height=\"1669\" src=\"https:\/\/images.panoramatv.com.do\/wp-content\/uploads\/2026\/08\/AX2I4305-scaled-1.jpg\" alt=\"\" class=\"wp-image-20779\"\/><\/figure>\n<\/div>","protected":false},"excerpt":{"rendered":"<p>Santo Domingo. \u2013 El dominicano \u00c1lvaro Abreu conquist\u00f3 este domingo la medalla de oro en la prueba de media marat\u00f3n durante el inicio de las competencias de atletismo de los XXV Juegos Centroamericanos y del Caribe Santo Domingo 2026, brindando otra alegr\u00eda a la delegaci\u00f3n anfitriona. Abreu complet\u00f3 el recorrido de 21.097 kil\u00f3metros con un [&hellip;]<\/p>\n","protected":false},"author":1,"featured_media":20779,"comment_status":"open","ping_status":"open","sticky":false,"template":"","format":"standard","meta":{"_jetpack_memberships_contains_paid_content":false,"footnotes":"","jetpack_publicize_message":"","jetpack_publicize_feature_enabled":true,"jetpack_social_post_already_shared":true,"jetpack_social_options":{"image_generator_settings":{"template":"highway","enabled":false}}},"categories":[3728],"tags":[3717],"class_list":["post-20778","post","type-post","status-publish","format-standard","has-post-thumbnail","hentry","category-deportes","tag-juegos-centroamericanos-2026"],"jetpack_publicize_connections":[],"jetpack_sharing_enabled":true,"jetpack_featured_media_url":"https:\/\/images.panoramatv.com.do\/wp-content\/uploads\/2026\/08\/AX2I4305-scaled-1.jpg","jetpack_likes_enabled":true,"jetpack-related-posts":[],"_links":{"self":[{"href":"https:\/\/panoramatv.com.do\/index.php\/wp-json\/wp\/v2\/posts\/20778","targetHints":{"allow":["GET"]}}],"collection":[{"href":"https:\/\/panoramatv.com.do\/index.php\/wp-json\/wp\/v2\/posts"}],"about":[{"href":"https:\/\/panoramatv.com.do\/index.php\/wp-json\/wp\/v2\/types\/post"}],"author":[{"embeddable":true,"href":"https:\/\/panoramatv.com.do\/index.php\/wp-json\/wp\/v2\/users\/1"}],"replies":[{"embeddable":true,"href":"https:\/\/panoramatv.com.do\/index.php\/wp-json\/wp\/v2\/comments?post=20778"}],"version-history":[{"count":1,"href":"https:\/\/panoramatv.com.do\/index.php\/wp-json\/wp\/v2\/posts\/20778\/revisions"}],"predecessor-version":[{"id":20780,"href":"https:\/\/panoramatv.com.do\/index.php\/wp-json\/wp\/v2\/posts\/20778\/revisions\/20780"}],"wp:featuredmedia":[{"embeddable":true,"href":"https:\/\/panoramatv.com.do\/index.php\/wp-json\/wp\/v2\/media\/20779"}],"wp:attachment":[{"href":"https:\/\/panoramatv.com.do\/index.php\/wp-json\/wp\/v2\/media?parent=20778"}],"wp:term":[{"taxonomy":"category","embeddable":true,"href":"https:\/\/panoramatv.com.do\/index.php\/wp-json\/wp\/v2\/categories?post=20778"},{"taxonomy":"post_tag","embeddable":true,"href":"https:\/\/panoramatv.com.do\/index.php\/wp-json\/wp\/v2\/tags?post=20778"}],"curies":[{"name":"wp","href":"https:\/\/api.w.org\/{rel}","templated":true}]}}