{"id":20775,"date":"2026-08-02T16:27:12","date_gmt":"2026-08-02T20:27:12","guid":{"rendered":"https:\/\/panoramatv.com.do\/?p=20775"},"modified":"2026-08-02T16:36:40","modified_gmt":"2026-08-02T20:36:40","slug":"andrea-weedon-apunta-a-seguir-haciendo-historia-con-guatemala-desde-el-banquillo","status":"publish","type":"post","link":"https:\/\/panoramatv.com.do\/index.php\/2026\/08\/02\/andrea-weedon-apunta-a-seguir-haciendo-historia-con-guatemala-desde-el-banquillo\/","title":{"rendered":"Andrea Weedon apunta a seguir haciendo historia con Guatemala desde el banquillo"},"content":{"rendered":"\n<p class=\"wp-block-paragraph\"><strong>Santo Domingo.<\/strong> \u2013 Tras seis participaciones en los <strong>Juegos Centroamericanos y del Caribe<\/strong>, la tenista guatemalteca <strong>Andrea Weedon<\/strong> asegur\u00f3 que su compromiso con el deporte de su pa\u00eds contin\u00faa intacto y revel\u00f3 que su pr\u00f3ximo gran objetivo es regresar a la cita regional de <strong>2030<\/strong> como capitana de las selecciones nacionales de tenis.<\/p>\n\n\n\n<p class=\"wp-block-paragraph\">La cuatro veces medallista de bronce destac\u00f3 que representar a Guatemala durante m\u00e1s de una d\u00e9cada ha sido uno de los mayores orgullos de su carrera. Adem\u00e1s de su trayectoria en los Juegos, record\u00f3 que en <strong>2022<\/strong> recibi\u00f3 el <strong>Premio al Compromiso<\/strong> de la Copa Billie Jean King, tras m\u00e1s de 13 a\u00f1os defendiendo los colores de su pa\u00eds, con 66 series disputadas desde su debut en 2009.<\/p>\n\n\n\n<p class=\"wp-block-paragraph\">Weedon explic\u00f3 que actualmente combina la competencia con la formaci\u00f3n de nuevos talentos, una etapa en la que busca transmitir su experiencia y promover una preparaci\u00f3n integral. A su juicio, el desarrollo de los j\u00f3venes debe incluir no solo el aspecto t\u00e9cnico, sino tambi\u00e9n la disciplina, la alimentaci\u00f3n, el descanso y la fortaleza f\u00edsica para alcanzar el m\u00e1ximo rendimiento.<\/p>\n\n\n\n<p class=\"wp-block-paragraph\">La experimentada tenista tambi\u00e9n valor\u00f3 el crecimiento del nivel competitivo en los <strong>XXV Juegos Centroamericanos y del Caribe Santo Domingo 2026<\/strong>, al destacar el desempe\u00f1o de delegaciones como <strong>Rep\u00fablica Dominicana<\/strong> y <strong>Colombia<\/strong>, as\u00ed como el progreso de los pa\u00edses del Caribe y Centroam\u00e9rica, que contin\u00faan fortaleciendo el tenis en la regi\u00f3n.<\/p>\n\n\n<div class=\"wp-block-image\">\n<figure class=\"aligncenter size-full\"><img loading=\"lazy\" decoding=\"async\" width=\"1024\" height=\"685\" src=\"https:\/\/images.panoramatv.com.do\/wp-content\/uploads\/2026\/08\/Andrea-1-1024x685-1.jpg\" alt=\"\" class=\"wp-image-20776\"\/><\/figure>\n<\/div>","protected":false},"excerpt":{"rendered":"<p>Santo Domingo. \u2013 Tras seis participaciones en los Juegos Centroamericanos y del Caribe, la tenista guatemalteca Andrea Weedon asegur\u00f3 que su compromiso con el deporte de su pa\u00eds contin\u00faa intacto y revel\u00f3 que su pr\u00f3ximo gran objetivo es regresar a la cita regional de 2030 como capitana de las selecciones nacionales de tenis. La cuatro [&hellip;]<\/p>\n","protected":false},"author":1,"featured_media":20776,"comment_status":"open","ping_status":"open","sticky":false,"template":"","format":"standard","meta":{"_jetpack_memberships_contains_paid_content":false,"footnotes":"","jetpack_publicize_message":"","jetpack_publicize_feature_enabled":true,"jetpack_social_post_already_shared":true,"jetpack_social_options":{"image_generator_settings":{"template":"highway","enabled":false}}},"categories":[3728],"tags":[3717],"class_list":["post-20775","post","type-post","status-publish","format-standard","has-post-thumbnail","hentry","category-deportes","tag-juegos-centroamericanos-2026"],"jetpack_publicize_connections":[],"jetpack_sharing_enabled":true,"jetpack_featured_media_url":"https:\/\/images.panoramatv.com.do\/wp-content\/uploads\/2026\/08\/Andrea-1-1024x685-1.jpg","jetpack_likes_enabled":true,"jetpack-related-posts":[],"_links":{"self":[{"href":"https:\/\/panoramatv.com.do\/index.php\/wp-json\/wp\/v2\/posts\/20775","targetHints":{"allow":["GET"]}}],"collection":[{"href":"https:\/\/panoramatv.com.do\/index.php\/wp-json\/wp\/v2\/posts"}],"about":[{"href":"https:\/\/panoramatv.com.do\/index.php\/wp-json\/wp\/v2\/types\/post"}],"author":[{"embeddable":true,"href":"https:\/\/panoramatv.com.do\/index.php\/wp-json\/wp\/v2\/users\/1"}],"replies":[{"embeddable":true,"href":"https:\/\/panoramatv.com.do\/index.php\/wp-json\/wp\/v2\/comments?post=20775"}],"version-history":[{"count":1,"href":"https:\/\/panoramatv.com.do\/index.php\/wp-json\/wp\/v2\/posts\/20775\/revisions"}],"predecessor-version":[{"id":20777,"href":"https:\/\/panoramatv.com.do\/index.php\/wp-json\/wp\/v2\/posts\/20775\/revisions\/20777"}],"wp:featuredmedia":[{"embeddable":true,"href":"https:\/\/panoramatv.com.do\/index.php\/wp-json\/wp\/v2\/media\/20776"}],"wp:attachment":[{"href":"https:\/\/panoramatv.com.do\/index.php\/wp-json\/wp\/v2\/media?parent=20775"}],"wp:term":[{"taxonomy":"category","embeddable":true,"href":"https:\/\/panoramatv.com.do\/index.php\/wp-json\/wp\/v2\/categories?post=20775"},{"taxonomy":"post_tag","embeddable":true,"href":"https:\/\/panoramatv.com.do\/index.php\/wp-json\/wp\/v2\/tags?post=20775"}],"curies":[{"name":"wp","href":"https:\/\/api.w.org\/{rel}","templated":true}]}}