{"id":20772,"date":"2026-08-02T16:26:16","date_gmt":"2026-08-02T20:26:16","guid":{"rendered":"https:\/\/panoramatv.com.do\/?p=20772"},"modified":"2026-08-02T16:37:34","modified_gmt":"2026-08-02T20:37:34","slug":"alegna-gonzalez-conquista-el-oro-en-el-medio-maraton-marcha-para-mexico","status":"publish","type":"post","link":"https:\/\/panoramatv.com.do\/index.php\/2026\/08\/02\/alegna-gonzalez-conquista-el-oro-en-el-medio-maraton-marcha-para-mexico\/","title":{"rendered":"Alegna Gonz\u00e1lez conquista el oro en el medio marat\u00f3n marcha para M\u00e9xico"},"content":{"rendered":"\n<p class=\"wp-block-paragraph\"><strong>Santo Domingo.<\/strong> \u2013 La mexicana <strong>Alegna Gonz\u00e1lez<\/strong> se proclam\u00f3 campeona del <strong>medio marat\u00f3n marcha femenino<\/strong> de los <strong>XXV Juegos Centroamericanos y del Caribe Santo Domingo 2026<\/strong>, al conquistar la medalla de oro con un tiempo de <strong>1 hora, 29 minutos y 41 segundos<\/strong>.<\/p>\n\n\n\n<p class=\"wp-block-paragraph\">La prueba, disputada sobre un recorrido de <strong>21 kil\u00f3metros<\/strong>, fue dominada por Gonz\u00e1lez, quien confirm\u00f3 el favoritismo de M\u00e9xico en las competencias de marcha atl\u00e9tica y se qued\u00f3 con el primer lugar del podio.<\/p>\n\n\n\n<p class=\"wp-block-paragraph\">La <strong>medalla de plata<\/strong> tambi\u00e9n fue para <strong>M\u00e9xico<\/strong>, gracias a <strong>Alejandra Ortega<\/strong>, quien cruz\u00f3 la meta con un registro de <strong>1:39:26<\/strong>, mientras que el <strong>bronce<\/strong> correspondi\u00f3 a la puertorrique\u00f1a <strong>Rachelle De Orbeta<\/strong>, con un tiempo de <strong>1:39:55<\/strong>.<\/p>\n\n\n\n<p class=\"wp-block-paragraph\">Con este resultado, <strong>M\u00e9xico<\/strong> contin\u00faa ampliando su cosecha de medallas de oro en los <strong>XXV Juegos Centroamericanos y del Caribe Santo Domingo 2026<\/strong>, consolid\u00e1ndose entre las delegaciones m\u00e1s destacadas de la competici\u00f3n.<\/p>\n\n\n<div class=\"wp-block-image\">\n<figure class=\"aligncenter size-full\"><img loading=\"lazy\" decoding=\"async\" width=\"951\" height=\"1280\" src=\"https:\/\/images.panoramatv.com.do\/wp-content\/uploads\/2026\/08\/alegna-mexicana7.jpg\" alt=\"\" class=\"wp-image-20773\"\/><\/figure>\n<\/div>","protected":false},"excerpt":{"rendered":"<p>Santo Domingo. \u2013 La mexicana Alegna Gonz\u00e1lez se proclam\u00f3 campeona del medio marat\u00f3n marcha femenino de los XXV Juegos Centroamericanos y del Caribe Santo Domingo 2026, al conquistar la medalla de oro con un tiempo de 1 hora, 29 minutos y 41 segundos. La prueba, disputada sobre un recorrido de 21 kil\u00f3metros, fue dominada por [&hellip;]<\/p>\n","protected":false},"author":1,"featured_media":20790,"comment_status":"open","ping_status":"open","sticky":false,"template":"","format":"standard","meta":{"_jetpack_memberships_contains_paid_content":false,"footnotes":"","jetpack_publicize_message":"","jetpack_publicize_feature_enabled":true,"jetpack_social_post_already_shared":true,"jetpack_social_options":{"image_generator_settings":{"template":"highway","enabled":false}}},"categories":[3728],"tags":[3717],"class_list":["post-20772","post","type-post","status-publish","format-standard","has-post-thumbnail","hentry","category-deportes","tag-juegos-centroamericanos-2026"],"jetpack_publicize_connections":[],"jetpack_sharing_enabled":true,"jetpack_featured_media_url":"https:\/\/images.panoramatv.com.do\/wp-content\/uploads\/2026\/08\/Screenshot_1.jpg","jetpack_likes_enabled":true,"jetpack-related-posts":[],"_links":{"self":[{"href":"https:\/\/panoramatv.com.do\/index.php\/wp-json\/wp\/v2\/posts\/20772","targetHints":{"allow":["GET"]}}],"collection":[{"href":"https:\/\/panoramatv.com.do\/index.php\/wp-json\/wp\/v2\/posts"}],"about":[{"href":"https:\/\/panoramatv.com.do\/index.php\/wp-json\/wp\/v2\/types\/post"}],"author":[{"embeddable":true,"href":"https:\/\/panoramatv.com.do\/index.php\/wp-json\/wp\/v2\/users\/1"}],"replies":[{"embeddable":true,"href":"https:\/\/panoramatv.com.do\/index.php\/wp-json\/wp\/v2\/comments?post=20772"}],"version-history":[{"count":1,"href":"https:\/\/panoramatv.com.do\/index.php\/wp-json\/wp\/v2\/posts\/20772\/revisions"}],"predecessor-version":[{"id":20774,"href":"https:\/\/panoramatv.com.do\/index.php\/wp-json\/wp\/v2\/posts\/20772\/revisions\/20774"}],"wp:featuredmedia":[{"embeddable":true,"href":"https:\/\/panoramatv.com.do\/index.php\/wp-json\/wp\/v2\/media\/20790"}],"wp:attachment":[{"href":"https:\/\/panoramatv.com.do\/index.php\/wp-json\/wp\/v2\/media?parent=20772"}],"wp:term":[{"taxonomy":"category","embeddable":true,"href":"https:\/\/panoramatv.com.do\/index.php\/wp-json\/wp\/v2\/categories?post=20772"},{"taxonomy":"post_tag","embeddable":true,"href":"https:\/\/panoramatv.com.do\/index.php\/wp-json\/wp\/v2\/tags?post=20772"}],"curies":[{"name":"wp","href":"https:\/\/api.w.org\/{rel}","templated":true}]}}