{"id":2075,"date":"2020-11-26T11:17:36","date_gmt":"2020-11-26T15:17:36","guid":{"rendered":"https:\/\/panoramatv.com.do\/?p=2075"},"modified":"2020-11-26T11:17:46","modified_gmt":"2020-11-26T15:17:46","slug":"libro-de-cuentos-el-despertar-de-ogun","status":"publish","type":"post","link":"https:\/\/panoramatv.com.do\/index.php\/2020\/11\/26\/libro-de-cuentos-el-despertar-de-ogun\/","title":{"rendered":"Libro de cuentos El despertar de Og\u00fan"},"content":{"rendered":"\n<p>Por: <strong>Rafael J. Rodr\u00edguez P\u00e9rez<\/strong><\/p>\n\n\n\n<p>Convertir la nostalgia en buena literatura es una f\u00f3rmula infalible contra la desmemoria. As\u00ed, los recuerdos que conforman el imaginario de toda una naci\u00f3n, permanecen fervorosos y salvados entre p\u00e1ginas que, narrando lo que fuimos, nos traen a hacia quienes somos y seremos. Cuentos para guardar esencias; inigualable asidero creativo que nos asoma a un cosmos de folklore en cuyas venas palpita la Isla toda.<\/p>\n\n\n\n<p>De todo ello hay en este libro, y en abundancia. Dividido en dos partes: <em>Recuerdos Alados<\/em> y <em>Jacai en el coraz\u00f3n<\/em>, esta no es solo una recopilaci\u00f3n de relatos o\u00eddos o vividos, o la postal de un barrio peculiar del pa\u00eds, sino tambi\u00e9n una certera indagaci\u00f3n sobre los seres humanos y los entornos y circunstancias que los forman, los salvan o destruyen.<\/p>\n\n\n\n<p>Grandes temas, a veces velados por la enga\u00f1osa cotidianidad o los mansos colores de lo local, atraviesan el libro como mudos testigos; entre ellos, la superstici\u00f3n y la locura, cuyas consecuencias para los seres que habitan estas p\u00e1ginas adquieren de improviso tal descarga de horror, que no podemos menos que tragar en seco y admirar la eficacia lograda por la autora.<\/p>\n\n\n\n<p>Los tambores que resuenan aqu\u00ed, los mitos, las leyendas, la terrible crueldad que aflora de repente, pero tambi\u00e9n los testimonios de solidaridad, el altruismo, la entrega, la capacidad de sacrificio, y el amor, muestran la extraordinaria pluralidad y versatilidad de esas criaturas de isla que habitan todav\u00eda esos montes y barrios.<\/p>\n\n\n\n<p>El complejo entramado cultural y social del pa\u00eds, impregnado como pocos por la religi\u00f3n, tanto la negada y vilipendiada (el vud\u00fa), como la oficial, muestra sus muchos rostros entre estas l\u00edneas. A veces, es un faz sonriente, unitaria y conciliadora, otras, m\u00e1s numerosas, por desgracia, es un rostro cruzado por los sangrientos verdugones de la exclusi\u00f3n, la ignorancia, el racismo, la intolerancia y la fe pervertida.<\/p>\n\n\n\n<p>Pero, eso s\u00ed, son historias que jam\u00e1s dejan de hablar a la sensibilidad, apuntaladas por una trama s\u00f3lida y una prosa que adquiere por momentos un brillo inusitado, retornando luego a causes m\u00e1s sencillos, aunque no menos di\u00e1fanos y funcionales.<\/p>\n\n\n\n<p>He tenido el honor de asistir al progreso continuo de la narrativa de Amarilis Cueto, y tengo pocas dudas de que, si persevera lo suficiente, escribir\u00e1 cuentos antol\u00f3gicos que podr\u00e1n citarse con orgullo en un futuro no lejano. Lo s\u00e9 porque, adem\u00e1s de poseer la sensibilidad art\u00edstica necesaria, se percibe en este primer libro un arduo trabajo con las palabras, una intenci\u00f3n profunda de respeto hacia el lenguaje, y hacia la literatura en general, que nunca es mero hobby para los que llegan a amar este mundo. Es posible que, en su caso, como en el de muchos, haya empezado de esa forma, pero estoy seguro de que ya no es as\u00ed.<\/p>\n\n\n\n<p>&nbsp;La autora de este libro es ya un ser ganado para la literatura; y a\u00fan m\u00e1s, puede decirse que para el arte en general; pues cultiva con \u00e9xito otro arte af\u00edn: la fotograf\u00eda. Tenemos una muestra de ello en esta, su \u00f3pera prima, que incluye dieciocho fotos de su autor\u00eda que grafican lugares o temas alusivos a los textos; y que, a todas luces, complementan y enriquecen el cuaderno. Esa simbiosis no se da solo con las fotos, sino tambi\u00e9n entre los propios cuentos, cuya eficaz ubicaci\u00f3n los pone a dialogar entre s\u00ed.<\/p>\n\n\n\n<p>En sentido general, tres tipos de narradores se alternan para contar estas historias: un narrador protagonista, un narrador testigo (ambos en primera persona) y el narrador por excelencia, el omnisciente.<\/p>\n\n\n\n<p>La voz m\u00e1s fuerte, y la m\u00e1s genuina, es la del primer caso, y con la que abre el propio libro, en el cuento <em>Mi vestido rojo<\/em>. Es la voz de una ni\u00f1a que reflexiona y recuerda, y resulta tan entra\u00f1able que se erige en el hilo conductor de todo el cuaderno. Ella da vida a varios de los textos, entre los que destaca <em>El hacedor de burritos<\/em>, a mi juicio, un cuento antologable, pues al lograr aprehender una realidad profunda: la permanente insatisfacci\u00f3n humana; y mostrarla al mundo desde la ternura e ingenuidad de una ni\u00f1a, Amarilis ha dado con una veta rara que deber\u00eda explotar para futuros proyectos.<\/p>\n\n\n\n<p>Por dem\u00e1s, el tono \u00edntimo logrado en algunos textos, desbordantes de reminiscencias afectivas, logran tal verosimilitud y sinceridad, incluso cuando dan un giro fant\u00e1stico, que es f\u00e1cil identificarse con ellos y desear haber tenido algunas de esas vivencias.<\/p>\n\n\n\n<p>En su excelente pr\u00f3logo, la destacada escritora \u00c1ngela Hern\u00e1ndez, premio nacional de Literatura, opin\u00f3:<\/p>\n\n\n\n<p>En este libro de cuentos la memoria viaja a otra estaci\u00f3n, donde permanecer\u00e1 tan viva como transformada. Es memoria que se independiza al adoptar las alas de la imaginaci\u00f3n. En el silencio pulido por el tiempo, surgen los rostros que alguna vez tocaron con su aliento el ser de la narradora. As\u00ed sucede en el sistema de misterio en que prende una forma de persistente empat\u00eda. El mundo del barrio, cotidiano y com\u00fan, cobra colores h\u00famedos, at\u00e1vicos perfumes, ondas procedentes de un territorio fant\u00e1stico que se dejan traducir a escritura. &nbsp;<\/p>\n\n\n\n<p>Otros cuentos, como <em>El gag\u00e1<\/em>, <em>El baquin\u00ed<\/em>, <em>La madrina<\/em>, y el que da t\u00edtulo al cuaderno, indagan en las creencias m\u00e1gico-religiosos, y asombran, tanto por la riqueza de su concepci\u00f3n, como por el despliegue de elementos informativos en torno a tales manifestaciones. Ello denota investigaci\u00f3n y seriedad a la hora de abordar tales historias; pues, a pesar de que no es funci\u00f3n de los cuentos, ni de la creaci\u00f3n literaria en general, entreverar didactismos de ninguna \u00edndole, la buena literatura lo logra de la mejor manera posible: destilando esos delicados el\u00edxires de la vida, algo de lo que s\u00f3lo ella es capaz, como bien escribiera Vargas Llosa.<\/p>\n\n\n\n<p>La autora ha logrado, adem\u00e1s, perfilar personajes que quedar\u00e1n gratamente en la memoria del lector, al decir de \u00c1ngela Hern\u00e1ndez, \u201cpersonajes hechizados que se extrav\u00edan en la neblina de la ilusi\u00f3n o son lanzados por un sue\u00f1o o una fatalidad a un viaje sin regreso\u201d ; entre ellos, Sophie, la mujer de las aves; don Aldo y su sinf\u00edn, la sufrida Fernita, el embrujado Duncan, la infeliz Livia o el valiente Eladio, que se subi\u00f3 a una yola en busca de sus sue\u00f1os y vio el rostro del diablo, que le sonre\u00eda y llamaba desde las olas iracundas, tan altas \u201ccomo un poste de luz\u201d.&nbsp; Como ya hemos se\u00f1alado anteriormente, y como afirma \u00c1ngela, d\u00e1ndole el apelativo exacto, \u201cno faltan los toques de \u201clo real maravilloso\u201d, los cuales a veces colindan con el horror. (\u2026) Por momentos, respiramos la candidez de un alma joven en los prados de un campo del Cibao, en otros, percibimos la fiebre del alma, la sordidez, la sombra\u201d. &nbsp;<\/p>\n\n\n\n<p>\u00bfDe d\u00f3nde proviene, pues, esta riqueza tem\u00e1tica e imaginativa de la cual hace gala Amarilis en este primer libro? No es preciso reflexionar demasiado sobre ello, pues ella misma lo explica claramente en sus palabras de presentaci\u00f3n. Varias veces, le escuch\u00e9 tales argumentos de forma oral, pero al verlos escritos, percib\u00ed que hab\u00eda logrado trasladar a la palabra escrita, sentida e inequ\u00edvocamente, la pasi\u00f3n, gratitud y belleza con la que lo contaba. Oig\u00e1mosla:<\/p>\n\n\n\n<p>Me encanta escuchar historias de personas mayores y me nutro de sus memorias, muchas veces vivenci\u00e1ndolas y haci\u00e9ndolas m\u00edas a trav\u00e9s de ficciones.&nbsp; (\u2026)&nbsp; Hay mucho de mi madre y sus parientes (\u2026) Mi abuela materna es un personaje que brilla por su gran fortaleza y porque, pese a que no estudi\u00f3, era erudita y sabia, lo mismo que mi padre (\u2026)&nbsp;<\/p>\n\n\n\n<p>Los campos de nuestro pa\u00eds est\u00e1n llenos de misterios y leyendas. Constituyen un mundo gigantesco donde conviven la naturaleza, los mitos y las personas, unidos por hilos m\u00e1gicos. Confieso que tuve que desandar caminos para poder palpar la vida e imaginar c\u00f3mo coexist\u00edan y conviven a\u00fan hoy. Mis t\u00edos y t\u00edas son ba\u00fales de recuerdos, y a\u00fan conservan en su memoria, al igual que mi madre, cada pedacito de vida que marc\u00f3 su existencia. En honor a ellos y al barrio Jacai de mis recuerdos, narro estas historias, para que no se olviden y permanezcan por siempre.<\/p>\n\n\n\n<p>Finalmente, quiero concluir esta rese\u00f1a, con las palabras que tuve el honor de escribir para la contracubierta de este hermoso libro, y que ya lo acompa\u00f1an por el mundo en un recorrido vital que, estoy seguro, nos dar\u00e1 a\u00fan muchas alegr\u00edas:<\/p>\n\n\n\n<p>Recuperar el hilo de una voz ancestral y convertirla en memoria bullente, en misterio y en iluminaci\u00f3n, es la aventura literaria que propone este libro. En las historias y personajes que lo pueblan, lo cotidiano y lo vital destilan sus esencias ante el ojo del lector asombrado, que podr\u00e1 vislumbrar, entre rachas de luz y oscuridad, el rostro de un pa\u00eds que sabr\u00e1 suyo por la simbiosis \u00fanica de historia, mitos y tradiciones que tan magistralmente ha hilvanado su autora. Evocados desde lo m\u00e1s profundo del recuerdo, y embellecidos por la magia de la imaginaci\u00f3n, vienen hasta nosotros el campo agreste, el perplejo atabal de los ancestros, el coraz\u00f3n del barrio y sus flagelos, pero, tambi\u00e9n, la enormidad de su alegr\u00eda; mundo que se deshace y reconstruye en la mirada pura de una ni\u00f1a, que ama y recuerda, y nos invita.<\/p>\n\n\n\n<div class=\"wp-block-image\"><figure class=\"aligncenter size-large\"><img decoding=\"async\" src=\"https:\/\/images.panoramatv.com.do\/wp-content\/uploads\/2020\/11\/0-76.jpg\" alt=\"\" class=\"wp-image-2076\"\/><\/figure><\/div>\n","protected":false},"excerpt":{"rendered":"<p>Por: Rafael J. Rodr\u00edguez P\u00e9rez Convertir la nostalgia en buena literatura es una f\u00f3rmula infalible contra la desmemoria. As\u00ed, los recuerdos que conforman el imaginario de toda una naci\u00f3n, permanecen fervorosos y salvados entre p\u00e1ginas que, narrando lo que fuimos, nos traen a hacia quienes somos y seremos. Cuentos para guardar esencias; inigualable asidero creativo [&hellip;]<\/p>\n","protected":false},"author":1,"featured_media":2076,"comment_status":"open","ping_status":"open","sticky":false,"template":"","format":"standard","meta":{"_jetpack_memberships_contains_paid_content":false,"footnotes":"","jetpack_publicize_message":"","jetpack_publicize_feature_enabled":true,"jetpack_social_post_already_shared":true,"jetpack_social_options":{"image_generator_settings":{"template":"highway","enabled":false}}},"categories":[1],"tags":[],"class_list":["post-2075","post","type-post","status-publish","format-standard","has-post-thumbnail","hentry","category-actualidad"],"jetpack_publicize_connections":[],"jetpack_sharing_enabled":true,"jetpack_featured_media_url":"https:\/\/panoramatv.com.do\/wp-content\/uploads\/2020\/11\/0-76.jpg","jetpack_likes_enabled":true,"jetpack-related-posts":[],"_links":{"self":[{"href":"https:\/\/panoramatv.com.do\/index.php\/wp-json\/wp\/v2\/posts\/2075","targetHints":{"allow":["GET"]}}],"collection":[{"href":"https:\/\/panoramatv.com.do\/index.php\/wp-json\/wp\/v2\/posts"}],"about":[{"href":"https:\/\/panoramatv.com.do\/index.php\/wp-json\/wp\/v2\/types\/post"}],"author":[{"embeddable":true,"href":"https:\/\/panoramatv.com.do\/index.php\/wp-json\/wp\/v2\/users\/1"}],"replies":[{"embeddable":true,"href":"https:\/\/panoramatv.com.do\/index.php\/wp-json\/wp\/v2\/comments?post=2075"}],"version-history":[{"count":0,"href":"https:\/\/panoramatv.com.do\/index.php\/wp-json\/wp\/v2\/posts\/2075\/revisions"}],"wp:featuredmedia":[{"embeddable":true,"href":"https:\/\/panoramatv.com.do\/index.php\/wp-json\/wp\/v2\/media\/2076"}],"wp:attachment":[{"href":"https:\/\/panoramatv.com.do\/index.php\/wp-json\/wp\/v2\/media?parent=2075"}],"wp:term":[{"taxonomy":"category","embeddable":true,"href":"https:\/\/panoramatv.com.do\/index.php\/wp-json\/wp\/v2\/categories?post=2075"},{"taxonomy":"post_tag","embeddable":true,"href":"https:\/\/panoramatv.com.do\/index.php\/wp-json\/wp\/v2\/tags?post=2075"}],"curies":[{"name":"wp","href":"https:\/\/api.w.org\/{rel}","templated":true}]}}