{"id":2070,"date":"2020-11-23T21:57:52","date_gmt":"2020-11-24T01:57:52","guid":{"rendered":"https:\/\/panoramatv.com.do\/?p=2070"},"modified":"2020-11-23T22:02:03","modified_gmt":"2020-11-24T02:02:03","slug":"world-vision-y-el-programa-mundial-de-alimentos-pactan-dar-respuesta-en-emergencias","status":"publish","type":"post","link":"https:\/\/panoramatv.com.do\/index.php\/2020\/11\/23\/world-vision-y-el-programa-mundial-de-alimentos-pactan-dar-respuesta-en-emergencias\/","title":{"rendered":"World Vision y el Programa Mundial de Alimentos pactan dar respuesta en emergencias"},"content":{"rendered":"\n<p><strong>Santo Domingo.&nbsp;<\/strong>La temporada cicl\u00f3nica y la crisis sanitaria que a\u00fan enfrenta el pa\u00eds sirvieron como punto de partida para que las organizaciones World Vision y el Programa Mundial de Alimentos&nbsp;de las Naciones Unidas (PMA)&nbsp;a\u00fanen esfuerzos y pacten acciones de colaboraci\u00f3n para dar respuesta en situaciones de emergencias.<\/p>\n\n\n\n<p>La informaci\u00f3n fue otorgada a trav\u00e9s de un comunicado de prensa, donde se\u00f1alan la implementaci\u00f3n de proyectos destinados a apoyar las necesidades nacionales\/regionales en materia de gesti\u00f3n del riesgo de desastres, de manejo de la cadena de suministros y apoyo log\u00edstica, dentro de situaciones de emergencias.&nbsp; Gracias a la firma de este acuerdo, ambas organizaciones contribuir\u00e1n a los esfuerzos de la Rep\u00fablica Dominicana por alcanzar los Objetivos de Desarrollo Sostenible, en especial el ODS \u201cHambre Cero\u201d.<\/p>\n\n\n\n<p>Este acuerdo de cooperaci\u00f3n, firmado por el director nacional de World Vision, Juan Carlo Ram\u00edrez; y el representante del Programa Mundial de Alimentos (PMA), Romain Sirois; reconoce la labor de ambas organizaciones por sus compromiso y acciones que impulsan a la transformaci\u00f3n social del pa\u00eds, la promoci\u00f3n continua de la calidad de vida ni\u00f1os, ni\u00f1as, adolescentes y j\u00f3venes y el fomento del bienestar en poblaciones vulnerables de la Rep\u00fablica Dominicana, garantizando sus derechos en tiempos de emergencias.<\/p>\n\n\n\n<p>\u201cNuestro prop\u00f3sito es contribuir&nbsp;a la seguridad alimentaria y nutricional de los ni\u00f1os, ni\u00f1as y sus familias, en esos momentos de dificultad. Por ello, estaremos trabajando de la mano en la implementaci\u00f3n de acciones y proyectos dirigidos a asistir al pueblo dominicano, transcendiendo m\u00e1s all\u00e1 de nuestros territorios habituales\u201d, destac\u00f3 Ram\u00edrez.<\/p>\n\n\n\n<p>Agreg\u00f3, adem\u00e1s, que esto implica un esfuerzo conjunto en la b\u00fasqueda de oportunidades econ\u00f3micas, bajo el brazo operativo de ambas organizaciones, ampliando as\u00ed la presencia en terreno y la contribuci\u00f3n de los programas de apoyo en las comunidades, con el fin de atender a las emergencias que surjan por los efectos del cambio clim\u00e1tico u otro contexto, as\u00ed como otorgar cierta seguridad alimentaria a las familias y ni\u00f1ez m\u00e1s vulnerable.<\/p>\n\n\n\n<p><strong>Preparaci\u00f3n ante emergencias<\/strong><\/p>\n\n\n\n<p>Para Romain Sirois, del Programa Mundial de Alimentos \u201cesta alianza y colaboraci\u00f3n es una muestra de apoyo a los esfuerzos en la planificaci\u00f3n de la preparaci\u00f3n ante emergencias y las operaciones de respuesta en Rep\u00fablica Dominicana\u201d.<\/p>\n\n\n\n<p>Seg\u00fan establecen ambas organizaciones en el acuerdo, reconocen la necesidad de consolidar e intensificar el mutuo apoyo y la colaboraci\u00f3n para lograr sus objetivos comunes a nivel nacional, as\u00ed como promover temas de inter\u00e9s para la comunidad humanitaria. Esto incluye el dise\u00f1o y la implementaci\u00f3n de pol\u00edticas p\u00fablicas para la mejora de la seguridad alimentaria y la nutrici\u00f3n, la gesti\u00f3n de la cadena de suministro, la log\u00edstica, las pr\u00e1cticas de desarrollo en situaciones de emergencia, el desarrollo curricular y la gesti\u00f3n del conocimiento.<\/p>\n\n\n\n<p>El Programa Mundial de Alimentos, quien fue galardonado con el Premio Nobel de la Paz 2020 por sus esfuerzos en la lucha contra el hambre, est\u00e1 en una posici\u00f3n \u00fanica para juntos a sus aliados y donantes ayudar a los gobiernos a asistir y empoderar a las comunidades vulnerables mediante el apoyo a los sistemas de protecci\u00f3n social, el acceso a servicios b\u00e1sicos de nutrici\u00f3n, y el apoyo a los sistemas alimentarios.<\/p>\n\n\n\n<p><strong>Sobre World Vision<\/strong><\/p>\n\n\n\n<p>World Vision es una organizaci\u00f3n internacional cristiana que trabaja por los derechos de los ni\u00f1os que viven en situaci\u00f3n de vulnerabilidad, principalmente en temas de protecci\u00f3n y educaci\u00f3n. En adici\u00f3n, son especialistas de gesti\u00f3n de riesgos y situaciones de emergencia alrededor del mundo, llevando 31 a\u00f1os de labor interrumpida en las comunidades m\u00e1s fr\u00e1giles de Rep\u00fablica Dominicana.<\/p>\n\n\n\n<p><strong>Sobre el Programa Mundial de Alimentos<\/strong><\/p>\n\n\n\n<p>El Programa Mundial de Alimentos de las Naciones Unidas es el Premio Nobel de la Paz 2020. Somos la organizaci\u00f3n humanitaria m\u00e1s grande del mundo, que salva vidas en emergencias y da asistencia alimentaria para construir un camino hacia la paz, la estabilidad y la prosperidad de poblaciones que se est\u00e1n recuperando de conflictos, desastres y el impacto del cambio clim\u00e1tico.<\/p>\n\n\n\n<figure class=\"wp-block-gallery columns-2 is-cropped wp-block-gallery-1 is-layout-flex wp-block-gallery-is-layout-flex\"><ul class=\"blocks-gallery-grid\"><li class=\"blocks-gallery-item\"><figure><img decoding=\"async\" src=\"https:\/\/images.panoramatv.com.do\/wp-content\/uploads\/2020\/11\/1-24.jpg\" alt=\"\" data-id=\"2071\" data-full-url=\"https:\/\/images.panoramatv.com.do\/wp-content\/uploads\/2020\/11\/1-24.jpg\" data-link=\"https:\/\/panoramatv.com.do\/?attachment_id=2071\" class=\"wp-image-2071\"\/><\/figure><\/li><li class=\"blocks-gallery-item\"><figure><img decoding=\"async\" src=\"https:\/\/images.panoramatv.com.do\/wp-content\/uploads\/2020\/11\/0-75.jpg\" alt=\"\" data-id=\"2072\" data-full-url=\"https:\/\/images.panoramatv.com.do\/wp-content\/uploads\/2020\/11\/0-75.jpg\" data-link=\"https:\/\/panoramatv.com.do\/?attachment_id=2072\" class=\"wp-image-2072\"\/><\/figure><\/li><\/ul><\/figure>\n","protected":false},"excerpt":{"rendered":"<p>Santo Domingo.&nbsp;La temporada cicl\u00f3nica y la crisis sanitaria que a\u00fan enfrenta el pa\u00eds sirvieron como punto de partida para que las organizaciones World Vision y el Programa Mundial de Alimentos&nbsp;de las Naciones Unidas (PMA)&nbsp;a\u00fanen esfuerzos y pacten acciones de colaboraci\u00f3n para dar respuesta en situaciones de emergencias. La informaci\u00f3n fue otorgada a trav\u00e9s de un [&hellip;]<\/p>\n","protected":false},"author":1,"featured_media":2072,"comment_status":"open","ping_status":"open","sticky":false,"template":"","format":"standard","meta":{"_jetpack_memberships_contains_paid_content":false,"footnotes":"","jetpack_publicize_message":"","jetpack_publicize_feature_enabled":true,"jetpack_social_post_already_shared":true,"jetpack_social_options":{"image_generator_settings":{"template":"highway","enabled":false}}},"categories":[8],"tags":[326],"class_list":["post-2070","post","type-post","status-publish","format-standard","has-post-thumbnail","hentry","category-panorama-de-salud","tag-alimentos"],"jetpack_publicize_connections":[],"jetpack_sharing_enabled":true,"jetpack_featured_media_url":"https:\/\/panoramatv.com.do\/wp-content\/uploads\/2020\/11\/0-75.jpg","jetpack_likes_enabled":true,"jetpack-related-posts":[],"_links":{"self":[{"href":"https:\/\/panoramatv.com.do\/index.php\/wp-json\/wp\/v2\/posts\/2070","targetHints":{"allow":["GET"]}}],"collection":[{"href":"https:\/\/panoramatv.com.do\/index.php\/wp-json\/wp\/v2\/posts"}],"about":[{"href":"https:\/\/panoramatv.com.do\/index.php\/wp-json\/wp\/v2\/types\/post"}],"author":[{"embeddable":true,"href":"https:\/\/panoramatv.com.do\/index.php\/wp-json\/wp\/v2\/users\/1"}],"replies":[{"embeddable":true,"href":"https:\/\/panoramatv.com.do\/index.php\/wp-json\/wp\/v2\/comments?post=2070"}],"version-history":[{"count":0,"href":"https:\/\/panoramatv.com.do\/index.php\/wp-json\/wp\/v2\/posts\/2070\/revisions"}],"wp:featuredmedia":[{"embeddable":true,"href":"https:\/\/panoramatv.com.do\/index.php\/wp-json\/wp\/v2\/media\/2072"}],"wp:attachment":[{"href":"https:\/\/panoramatv.com.do\/index.php\/wp-json\/wp\/v2\/media?parent=2070"}],"wp:term":[{"taxonomy":"category","embeddable":true,"href":"https:\/\/panoramatv.com.do\/index.php\/wp-json\/wp\/v2\/categories?post=2070"},{"taxonomy":"post_tag","embeddable":true,"href":"https:\/\/panoramatv.com.do\/index.php\/wp-json\/wp\/v2\/tags?post=2070"}],"curies":[{"name":"wp","href":"https:\/\/api.w.org\/{rel}","templated":true}]}}