{"id":20534,"date":"2026-07-21T07:28:33","date_gmt":"2026-07-21T11:28:33","guid":{"rendered":"https:\/\/panoramatv.com.do\/?p=20534"},"modified":"2026-07-21T07:28:35","modified_gmt":"2026-07-21T11:28:35","slug":"santiago-y-curitiba-estableceran-cooperacion-en-municipalidad-inteligente","status":"publish","type":"post","link":"https:\/\/panoramatv.com.do\/index.php\/2026\/07\/21\/santiago-y-curitiba-estableceran-cooperacion-en-municipalidad-inteligente\/","title":{"rendered":"Santiago y Curitiba establecer\u00e1n cooperaci\u00f3n en municipalidad inteligente"},"content":{"rendered":"\n<p class=\"wp-block-paragraph\"><strong>Curitiba, Brasil.<\/strong>&nbsp;\u2013 Los alcaldes de Santiago de los Caballeros, Ulises Rodr\u00edguez, y de Curitiba en Brasil, Eduardo Pimentel, acordaron establecer una agenda permanente de cooperaci\u00f3n para fortalecer el desarrollo de una municipalidad inteligente, mediante el intercambio de experiencias, asistencia t\u00e9cnica y buenas pr\u00e1cticas en planificaci\u00f3n urbana, movilidad, sostenibilidad ambiental, innovaci\u00f3n y gesti\u00f3n p\u00fablica.<\/p>\n\n\n\n<p class=\"wp-block-paragraph\">El acuerdo fue alcanzado durante una reuni\u00f3n de trabajo celebrada en el Palacio Municipal de Curitiba, donde ambos ejecutivos coincidieron en la importancia de fortalecer la cooperaci\u00f3n entre gobiernos locales para responder a los desaf\u00edos que enfrentan las ciudades en materia de crecimiento urbano, cambio clim\u00e1tico, innovaci\u00f3n y calidad de los servicios p\u00fablicos.<\/p>\n\n\n\n<p class=\"wp-block-paragraph\">Como parte de los compromisos asumidos, el alcalde Eduardo Pimentel acept\u00f3 la invitaci\u00f3n realizada por Ulises Rodr\u00edguez para visitar la Rep\u00fablica Dominicana y dar continuidad a la agenda de cooperaci\u00f3n iniciada en Curitiba, con el prop\u00f3sito de conocer de primera mano las transformaciones que impulsa Santiago y seguir fortaleciendo los v\u00ednculos institucionales entre ambas ciudades.<\/p>\n\n\n\n<p class=\"wp-block-paragraph\">Asimismo, el ejecutivo brasile\u00f1o puso a disposici\u00f3n de la Alcald\u00eda de Santiago las capacidades t\u00e9cnicas de Curitiba y autoriz\u00f3 a las distintas dependencias municipales a compartir metodolog\u00edas, informaci\u00f3n y buenas pr\u00e1cticas con los equipos t\u00e9cnicos del cabildo santiaguero, a fin de impulsar proyectos conjuntos y colaborar en todos aquellos ejes que contribuyan al fortalecimiento de la gesti\u00f3n municipal.<\/p>\n\n\n\n<p class=\"wp-block-paragraph\">La cooperaci\u00f3n abarcar\u00e1 \u00e1reas estrat\u00e9gicas como planificaci\u00f3n territorial, movilidad urbana, transporte integrado, innovaci\u00f3n p\u00fablica, transformaci\u00f3n digital, sostenibilidad ambiental, gesti\u00f3n del espacio p\u00fablico, resiliencia frente al cambio clim\u00e1tico y desarrollo econ\u00f3mico, adem\u00e1s de otros temas que ambas administraciones identifiquen como prioritarios para mejorar la calidad de vida de sus ciudadanos.<\/p>\n\n\n\n<p class=\"wp-block-paragraph\">Durante el encuentro, el alcalde Eduardo Pimentel destac\u00f3 que el di\u00e1logo entre ciudades constituye una herramienta fundamental para compartir soluciones que contribuyan al bienestar de la poblaci\u00f3n.<\/p>\n\n\n<div class=\"wp-block-image\">\n<figure class=\"aligncenter size-full is-resized\"><img loading=\"lazy\" decoding=\"async\" width=\"800\" height=\"533\" src=\"https:\/\/images.panoramatv.com.do\/wp-content\/uploads\/2026\/07\/0.png\" alt=\"\" class=\"wp-image-20535\" style=\"width:978px;height:auto\"\/><\/figure>\n<\/div>","protected":false},"excerpt":{"rendered":"<p>Curitiba, Brasil.&nbsp;\u2013 Los alcaldes de Santiago de los Caballeros, Ulises Rodr\u00edguez, y de Curitiba en Brasil, Eduardo Pimentel, acordaron establecer una agenda permanente de cooperaci\u00f3n para fortalecer el desarrollo de una municipalidad inteligente, mediante el intercambio de experiencias, asistencia t\u00e9cnica y buenas pr\u00e1cticas en planificaci\u00f3n urbana, movilidad, sostenibilidad ambiental, innovaci\u00f3n y gesti\u00f3n p\u00fablica. El acuerdo [&hellip;]<\/p>\n","protected":false},"author":1,"featured_media":20535,"comment_status":"open","ping_status":"open","sticky":false,"template":"","format":"standard","meta":{"_jetpack_memberships_contains_paid_content":false,"footnotes":"","jetpack_publicize_message":"","jetpack_publicize_feature_enabled":true,"jetpack_social_post_already_shared":true,"jetpack_social_options":{"image_generator_settings":{"template":"highway","enabled":false}}},"categories":[2793],"tags":[3722],"class_list":["post-20534","post","type-post","status-publish","format-standard","has-post-thumbnail","hentry","category-gobierno","tag-santiago-de-los-caballeros"],"jetpack_publicize_connections":[],"jetpack_sharing_enabled":true,"jetpack_featured_media_url":"https:\/\/images.panoramatv.com.do\/wp-content\/uploads\/2026\/07\/0.png","jetpack_likes_enabled":true,"jetpack-related-posts":[],"_links":{"self":[{"href":"https:\/\/panoramatv.com.do\/index.php\/wp-json\/wp\/v2\/posts\/20534","targetHints":{"allow":["GET"]}}],"collection":[{"href":"https:\/\/panoramatv.com.do\/index.php\/wp-json\/wp\/v2\/posts"}],"about":[{"href":"https:\/\/panoramatv.com.do\/index.php\/wp-json\/wp\/v2\/types\/post"}],"author":[{"embeddable":true,"href":"https:\/\/panoramatv.com.do\/index.php\/wp-json\/wp\/v2\/users\/1"}],"replies":[{"embeddable":true,"href":"https:\/\/panoramatv.com.do\/index.php\/wp-json\/wp\/v2\/comments?post=20534"}],"version-history":[{"count":1,"href":"https:\/\/panoramatv.com.do\/index.php\/wp-json\/wp\/v2\/posts\/20534\/revisions"}],"predecessor-version":[{"id":20536,"href":"https:\/\/panoramatv.com.do\/index.php\/wp-json\/wp\/v2\/posts\/20534\/revisions\/20536"}],"wp:featuredmedia":[{"embeddable":true,"href":"https:\/\/panoramatv.com.do\/index.php\/wp-json\/wp\/v2\/media\/20535"}],"wp:attachment":[{"href":"https:\/\/panoramatv.com.do\/index.php\/wp-json\/wp\/v2\/media?parent=20534"}],"wp:term":[{"taxonomy":"category","embeddable":true,"href":"https:\/\/panoramatv.com.do\/index.php\/wp-json\/wp\/v2\/categories?post=20534"},{"taxonomy":"post_tag","embeddable":true,"href":"https:\/\/panoramatv.com.do\/index.php\/wp-json\/wp\/v2\/tags?post=20534"}],"curies":[{"name":"wp","href":"https:\/\/api.w.org\/{rel}","templated":true}]}}