{"id":19606,"date":"2026-04-30T10:07:46","date_gmt":"2026-04-30T14:07:46","guid":{"rendered":"https:\/\/panoramatv.com.do\/?p=19606"},"modified":"2026-04-30T10:07:48","modified_gmt":"2026-04-30T14:07:48","slug":"idoppril-realiza-3er-foro-dominicano-de-seguridad-y-salud-en-el-trabajo","status":"publish","type":"post","link":"https:\/\/panoramatv.com.do\/index.php\/2026\/04\/30\/idoppril-realiza-3er-foro-dominicano-de-seguridad-y-salud-en-el-trabajo\/","title":{"rendered":"IDOPPRIL realiza 3er Foro Dominicano de Seguridad y Salud en el Trabajo"},"content":{"rendered":"\n<p>Santo Domingo. \u2013 El Instituto Dominicano de Prevenci\u00f3n y Protecci\u00f3n de Riesgos Laborales (IDOPPRIL) desarroll\u00f3 el Tercer Foro Dominicano de Seguridad y Salud en el Trabajo, bajo el lema \u201cLa salud psicosocial como pilar de organizaciones fuertes y sostenibles\u201d. La actividad busc\u00f3 promover entornos de trabajo saludables y fortalecer la cultura de prevenci\u00f3n en el pa\u00eds.<\/p>\n\n\n\n<p>La jornada cont\u00f3 con la participaci\u00f3n de representantes de las instituciones que integran el Sistema Dominicano de Seguridad Social (SDSS), as\u00ed como de los sectores empleador y trabajador.<\/p>\n\n\n\n<p>En el acto inaugural, las palabras de salutaci\u00f3n estuvieron a cargo del ministro de Trabajo, Eddy Olivares Ortega, mientras que la apertura fue encabezada por el director ejecutivo del IDOPPRIL, doctor Agust\u00edn Burgos.<\/p>\n\n\n\n<p>Durante el panel \u201cMarco normativo y rol de los actores clave en la prevenci\u00f3n y promoci\u00f3n de la salud psicosocial en el trabajo\u201d, autoridades y especialistas analizaron los principales retos y avances en materia de seguridad y salud laboral.<\/p>\n\n\n\n<p>Tambi\u00e9n se desarrollaron conferencias orientadas al fortalecimiento de la gesti\u00f3n organizacional. Entre ellas estuvieron: \u201cEntornos Psicosociales Saludables: El nuevo est\u00e1ndar de competitividad\u201d y \u201cDise\u00f1o del trabajo, liderazgo y cultura organizacional\u201d. Adem\u00e1s, se realiz\u00f3 una presentaci\u00f3n de buenas pr\u00e1cticas en prevenci\u00f3n de riesgos psicosociales.<\/p>\n\n\n\n<p>El foro concluy\u00f3 con la conferencia \u201cBienestar integral y sostenibilidad organizacional\u201d, seguida de las palabras de clausura de la directora de Prevenci\u00f3n del IDOPPRIL, doctora Francis Brito.<\/p>\n\n\n<div class=\"wp-block-image\">\n<figure class=\"aligncenter size-full\"><img loading=\"lazy\" decoding=\"async\" width=\"1600\" height=\"1066\" src=\"https:\/\/images.panoramatv.com.do\/wp-content\/uploads\/2026\/04\/c30a510b-8245-4ba9-b5db-ba356a2a36e9-1.jpg\" alt=\"\" class=\"wp-image-19608\"\/><figcaption class=\"wp-element-caption\">IDOPPRIL realiza 3er Foro Dominicano de Seguridad y Salud en el Trabajo<\/figcaption><\/figure>\n<\/div>","protected":false},"excerpt":{"rendered":"<p>Santo Domingo. \u2013 El Instituto Dominicano de Prevenci\u00f3n y Protecci\u00f3n de Riesgos Laborales (IDOPPRIL) desarroll\u00f3 el Tercer Foro Dominicano de Seguridad y Salud en el Trabajo, bajo el lema \u201cLa salud psicosocial como pilar de organizaciones fuertes y sostenibles\u201d. La actividad busc\u00f3 promover entornos de trabajo saludables y fortalecer la cultura de prevenci\u00f3n en el [&hellip;]<\/p>\n","protected":false},"author":1,"featured_media":19607,"comment_status":"open","ping_status":"open","sticky":false,"template":"","format":"standard","meta":{"_jetpack_memberships_contains_paid_content":false,"footnotes":"","jetpack_publicize_message":"","jetpack_publicize_feature_enabled":true,"jetpack_social_post_already_shared":true,"jetpack_social_options":{"image_generator_settings":{"template":"highway","enabled":false}}},"categories":[8],"tags":[648],"class_list":["post-19606","post","type-post","status-publish","format-standard","has-post-thumbnail","hentry","category-panorama-de-salud","tag-idoppril"],"jetpack_publicize_connections":[],"jetpack_sharing_enabled":true,"jetpack_featured_media_url":"https:\/\/images.panoramatv.com.do\/wp-content\/uploads\/2026\/04\/c30a510b-8245-4ba9-b5db-ba356a2a36e9.jpg","jetpack_likes_enabled":true,"jetpack-related-posts":[],"_links":{"self":[{"href":"https:\/\/panoramatv.com.do\/index.php\/wp-json\/wp\/v2\/posts\/19606","targetHints":{"allow":["GET"]}}],"collection":[{"href":"https:\/\/panoramatv.com.do\/index.php\/wp-json\/wp\/v2\/posts"}],"about":[{"href":"https:\/\/panoramatv.com.do\/index.php\/wp-json\/wp\/v2\/types\/post"}],"author":[{"embeddable":true,"href":"https:\/\/panoramatv.com.do\/index.php\/wp-json\/wp\/v2\/users\/1"}],"replies":[{"embeddable":true,"href":"https:\/\/panoramatv.com.do\/index.php\/wp-json\/wp\/v2\/comments?post=19606"}],"version-history":[{"count":1,"href":"https:\/\/panoramatv.com.do\/index.php\/wp-json\/wp\/v2\/posts\/19606\/revisions"}],"predecessor-version":[{"id":19609,"href":"https:\/\/panoramatv.com.do\/index.php\/wp-json\/wp\/v2\/posts\/19606\/revisions\/19609"}],"wp:featuredmedia":[{"embeddable":true,"href":"https:\/\/panoramatv.com.do\/index.php\/wp-json\/wp\/v2\/media\/19607"}],"wp:attachment":[{"href":"https:\/\/panoramatv.com.do\/index.php\/wp-json\/wp\/v2\/media?parent=19606"}],"wp:term":[{"taxonomy":"category","embeddable":true,"href":"https:\/\/panoramatv.com.do\/index.php\/wp-json\/wp\/v2\/categories?post=19606"},{"taxonomy":"post_tag","embeddable":true,"href":"https:\/\/panoramatv.com.do\/index.php\/wp-json\/wp\/v2\/tags?post=19606"}],"curies":[{"name":"wp","href":"https:\/\/api.w.org\/{rel}","templated":true}]}}