{"id":19594,"date":"2026-04-30T09:16:59","date_gmt":"2026-04-30T13:16:59","guid":{"rendered":"https:\/\/panoramatv.com.do\/?p=19594"},"modified":"2026-04-30T09:17:01","modified_gmt":"2026-04-30T13:17:01","slug":"carolina-entrega-parque-renovado-en-urbanizacion-solimar","status":"publish","type":"post","link":"https:\/\/panoramatv.com.do\/index.php\/2026\/04\/30\/carolina-entrega-parque-renovado-en-urbanizacion-solimar\/","title":{"rendered":"Carolina entrega parque renovado en Urbanizaci\u00f3n Solimar"},"content":{"rendered":"\n<p>Santo Domingo, DN &#8211; Carolina Mej\u00eda llev\u00f3 alegr\u00eda y bienestar a la comunidad con la entrega del remozado parque Urbanizaci\u00f3n Solimar, el cual forma parte de los 215 espacios de recreaci\u00f3n y esparcimiento para las familias que ha recuperado durante su gesti\u00f3n en todo el Distrito Nacional.&nbsp;<\/p>\n\n\n\n<p>Mej\u00eda agradeci\u00f3 a los comunitarios y juntas de vecinos del sector por hacer de cada recuperaci\u00f3n de espacio un trabajo mancomunado con el equipo de la alcald\u00eda, indicando que esa uni\u00f3n es la que permitir\u00e1 que todo permanezca en orden, limpieza y buen estado.&nbsp;<\/p>\n\n\n\n<p>La ejecutiva municipal apunt\u00f3 que para convivir y disfrutar en este parque, lo primero es saber que todos tienen la misma responsabilidad de cumplir las reglas porque sin ellas no hay sana ni pac\u00edfica convivencia.<\/p>\n\n\n\n<p>\u201cAl llegar me sent\u00ed tan honrada de poder trabajar por la recuperaci\u00f3n de espacios para nuestros adultos mayores y nuestros j\u00f3venes que necesitan \u00e1rea deportiva y de recreaci\u00f3n, este sector tiene la gran bendici\u00f3n de contar con un espacio que ya pudimos reconstruir\u201d, manifest\u00f3 Mej\u00eda.&nbsp;<\/p>\n\n\n\n<p>Adem\u00e1s, Carolina resalt\u00f3 que es un gran privilegio tener la oportunidad de trabajar para construir espacios seguros orientados y dirigidos a la familia, pensado en el bienestar de la gente.&nbsp;<\/p>\n\n\n\n<p>La presidenta de la Junta de Vecinos Solimar, Yissel Margarita L\u00f3pez, en sus palabras de agradecimiento indic\u00f3 lo feliz que se siente la comunidad al ser escuchada, luego de a\u00f1os sin poder aprovechar esta \u00e1rea.&nbsp;<\/p>\n\n\n\n<p>\u201cCon el coraz\u00f3n lleno de gratitud, para recibir este espacio, durante mucho tiempo era un terreno que est\u00e1bamos desaprovechando, pero hoy gracias a Dios, la visi\u00f3n, tenacidad y compromiso inquebrantable de la alcaldesa Carolina este escenario ha cambiado\u201d, expres\u00f3 L\u00f3pez.&nbsp;<\/p>\n\n\n<div class=\"wp-block-image\">\n<figure class=\"aligncenter size-full\"><img loading=\"lazy\" decoding=\"async\" width=\"1280\" height=\"853\" src=\"https:\/\/images.panoramatv.com.do\/wp-content\/uploads\/2026\/04\/52-1.jpg\" alt=\"\" class=\"wp-image-19596\"\/><figcaption class=\"wp-element-caption\">Carolina entrega parque renovado en Urbanizaci\u00f3n Solimar<\/figcaption><\/figure>\n<\/div>","protected":false},"excerpt":{"rendered":"<p>Santo Domingo, DN &#8211; Carolina Mej\u00eda llev\u00f3 alegr\u00eda y bienestar a la comunidad con la entrega del remozado parque Urbanizaci\u00f3n Solimar, el cual forma parte de los 215 espacios de recreaci\u00f3n y esparcimiento para las familias que ha recuperado durante su gesti\u00f3n en todo el Distrito Nacional.&nbsp; Mej\u00eda agradeci\u00f3 a los comunitarios y juntas de [&hellip;]<\/p>\n","protected":false},"author":1,"featured_media":19596,"comment_status":"open","ping_status":"open","sticky":false,"template":"","format":"standard","meta":{"_jetpack_memberships_contains_paid_content":false,"footnotes":"","jetpack_publicize_message":"","jetpack_publicize_feature_enabled":true,"jetpack_social_post_already_shared":true,"jetpack_social_options":{"image_generator_settings":{"template":"highway","enabled":false}}},"categories":[2795],"tags":[1397],"class_list":["post-19594","post","type-post","status-publish","format-standard","has-post-thumbnail","hentry","category-alcaldia-distrito-nacional","tag-alcaldia-2"],"jetpack_publicize_connections":[],"jetpack_sharing_enabled":true,"jetpack_featured_media_url":"https:\/\/images.panoramatv.com.do\/wp-content\/uploads\/2026\/04\/52-1.jpg","jetpack_likes_enabled":true,"jetpack-related-posts":[],"_links":{"self":[{"href":"https:\/\/panoramatv.com.do\/index.php\/wp-json\/wp\/v2\/posts\/19594","targetHints":{"allow":["GET"]}}],"collection":[{"href":"https:\/\/panoramatv.com.do\/index.php\/wp-json\/wp\/v2\/posts"}],"about":[{"href":"https:\/\/panoramatv.com.do\/index.php\/wp-json\/wp\/v2\/types\/post"}],"author":[{"embeddable":true,"href":"https:\/\/panoramatv.com.do\/index.php\/wp-json\/wp\/v2\/users\/1"}],"replies":[{"embeddable":true,"href":"https:\/\/panoramatv.com.do\/index.php\/wp-json\/wp\/v2\/comments?post=19594"}],"version-history":[{"count":1,"href":"https:\/\/panoramatv.com.do\/index.php\/wp-json\/wp\/v2\/posts\/19594\/revisions"}],"predecessor-version":[{"id":19597,"href":"https:\/\/panoramatv.com.do\/index.php\/wp-json\/wp\/v2\/posts\/19594\/revisions\/19597"}],"wp:featuredmedia":[{"embeddable":true,"href":"https:\/\/panoramatv.com.do\/index.php\/wp-json\/wp\/v2\/media\/19596"}],"wp:attachment":[{"href":"https:\/\/panoramatv.com.do\/index.php\/wp-json\/wp\/v2\/media?parent=19594"}],"wp:term":[{"taxonomy":"category","embeddable":true,"href":"https:\/\/panoramatv.com.do\/index.php\/wp-json\/wp\/v2\/categories?post=19594"},{"taxonomy":"post_tag","embeddable":true,"href":"https:\/\/panoramatv.com.do\/index.php\/wp-json\/wp\/v2\/tags?post=19594"}],"curies":[{"name":"wp","href":"https:\/\/api.w.org\/{rel}","templated":true}]}}