{"id":19590,"date":"2026-04-30T09:15:07","date_gmt":"2026-04-30T13:15:07","guid":{"rendered":"https:\/\/panoramatv.com.do\/?p=19590"},"modified":"2026-04-30T09:15:09","modified_gmt":"2026-04-30T13:15:09","slug":"aguilera-reafirma-compromiso-de-banreservas-con-la-etica-y-la-transparencia","status":"publish","type":"post","link":"https:\/\/panoramatv.com.do\/index.php\/2026\/04\/30\/aguilera-reafirma-compromiso-de-banreservas-con-la-etica-y-la-transparencia\/","title":{"rendered":"Aguilera reafirma compromiso de Banreservas con la \u00e9tica y la transparencia"},"content":{"rendered":"\n<p>SANTO DOMINGO.- El presidente ejecutivo del Banco de Reservas de la Rep\u00fablica Dominicana, doctor Leonardo Aguilera, reafirm\u00f3 el compromiso de la instituci\u00f3n con la \u00e9tica, la transparencia y la rendici\u00f3n de cuentas, en el marco de la conferencia \u201cLa \u00e9tica: el pilar del \u00e9xito en las personas y las organizaciones\u201d, realizada con motivo del D\u00eda Nacional de la \u00c9tica Ciudadana.<\/p>\n\n\n\n<p>Aguilera destac\u00f3 que en Banreservas la \u00e9tica no es una opci\u00f3n, sino un eje transversal que orienta la toma de decisiones fortalece la gobernanza y sostiene la reputaci\u00f3n institucional.<\/p>\n\n\n\n<p>\u201cCuando la \u00e9tica gu\u00eda nuestro accionar, no solo cumplimos con est\u00e1ndares nacionales e internacionales, sino que generamos valor que se traduce en confianza, transparencia, respeto por los recursos que administramos y, sobre todo, en un compromiso genuino con el bienestar de nuestra naci\u00f3n\u201d, sostuvo el titular de la entidad financiera.<\/p>\n\n\n\n<p>Adem\u00e1s, indic\u00f3 que estos principios forman parte esencial de la cultura organizacional del banco, donde la integridad se asume como una pr\u00e1ctica cotidiana y coherente en todos los niveles de la gesti\u00f3n.<\/p>\n\n\n\n<p>Asimismo, se\u00f1al\u00f3 que una cultura \u00e9tica s\u00f3lida se refleja tanto en las grandes decisiones como en las acciones diarias, en la forma de gestionar la informaci\u00f3n, abordar los conflictos de inter\u00e9s y administrar los recursos con responsabilidad.<\/p>\n\n\n\n<p>El economista explic\u00f3 que este enfoque est\u00e1 alineado con las pol\u00edticas de fortalecimiento institucional impulsadas por el presidente Luis Abinader, orientadas a mejorar las condiciones de vida de los dominicanos.<\/p>\n\n\n\n<p>Como parte de estos esfuerzos, el funcionario manifest\u00f3 que una prueba fehaciente del compromiso de Banreservas con la integridad y la transparencia es la validaci\u00f3n de su recertificaci\u00f3n bajo la norma ISO 37001 sobre el Sistema de Gesti\u00f3n Antisoborno, logro que ratifica la solidez, eficacia y madurez de su sistema de gesti\u00f3n.<\/p>\n\n\n<div class=\"wp-block-image\">\n<figure class=\"aligncenter size-full\"><img loading=\"lazy\" decoding=\"async\" width=\"1347\" height=\"898\" src=\"https:\/\/images.panoramatv.com.do\/wp-content\/uploads\/2026\/04\/51-2.jpg\" alt=\"\" class=\"wp-image-19592\"\/><figcaption class=\"wp-element-caption\">Aguilera reafirma compromiso de Banreservas con la \u00e9tica y la transparencia<\/figcaption><\/figure>\n<\/div>","protected":false},"excerpt":{"rendered":"<p>SANTO DOMINGO.- El presidente ejecutivo del Banco de Reservas de la Rep\u00fablica Dominicana, doctor Leonardo Aguilera, reafirm\u00f3 el compromiso de la instituci\u00f3n con la \u00e9tica, la transparencia y la rendici\u00f3n de cuentas, en el marco de la conferencia \u201cLa \u00e9tica: el pilar del \u00e9xito en las personas y las organizaciones\u201d, realizada con motivo del D\u00eda [&hellip;]<\/p>\n","protected":false},"author":1,"featured_media":19591,"comment_status":"open","ping_status":"open","sticky":false,"template":"","format":"standard","meta":{"_jetpack_memberships_contains_paid_content":false,"footnotes":"","jetpack_publicize_message":"","jetpack_publicize_feature_enabled":true,"jetpack_social_post_already_shared":true,"jetpack_social_options":{"image_generator_settings":{"template":"highway","enabled":false}}},"categories":[2802],"tags":[103],"class_list":["post-19590","post","type-post","status-publish","format-standard","has-post-thumbnail","hentry","category-economia-y-negocios","tag-banreservas"],"jetpack_publicize_connections":[],"jetpack_sharing_enabled":true,"jetpack_featured_media_url":"https:\/\/images.panoramatv.com.do\/wp-content\/uploads\/2026\/04\/51-1.jpg","jetpack_likes_enabled":true,"jetpack-related-posts":[],"_links":{"self":[{"href":"https:\/\/panoramatv.com.do\/index.php\/wp-json\/wp\/v2\/posts\/19590","targetHints":{"allow":["GET"]}}],"collection":[{"href":"https:\/\/panoramatv.com.do\/index.php\/wp-json\/wp\/v2\/posts"}],"about":[{"href":"https:\/\/panoramatv.com.do\/index.php\/wp-json\/wp\/v2\/types\/post"}],"author":[{"embeddable":true,"href":"https:\/\/panoramatv.com.do\/index.php\/wp-json\/wp\/v2\/users\/1"}],"replies":[{"embeddable":true,"href":"https:\/\/panoramatv.com.do\/index.php\/wp-json\/wp\/v2\/comments?post=19590"}],"version-history":[{"count":1,"href":"https:\/\/panoramatv.com.do\/index.php\/wp-json\/wp\/v2\/posts\/19590\/revisions"}],"predecessor-version":[{"id":19593,"href":"https:\/\/panoramatv.com.do\/index.php\/wp-json\/wp\/v2\/posts\/19590\/revisions\/19593"}],"wp:featuredmedia":[{"embeddable":true,"href":"https:\/\/panoramatv.com.do\/index.php\/wp-json\/wp\/v2\/media\/19591"}],"wp:attachment":[{"href":"https:\/\/panoramatv.com.do\/index.php\/wp-json\/wp\/v2\/media?parent=19590"}],"wp:term":[{"taxonomy":"category","embeddable":true,"href":"https:\/\/panoramatv.com.do\/index.php\/wp-json\/wp\/v2\/categories?post=19590"},{"taxonomy":"post_tag","embeddable":true,"href":"https:\/\/panoramatv.com.do\/index.php\/wp-json\/wp\/v2\/tags?post=19590"}],"curies":[{"name":"wp","href":"https:\/\/api.w.org\/{rel}","templated":true}]}}