{"id":19586,"date":"2026-04-30T09:13:32","date_gmt":"2026-04-30T13:13:32","guid":{"rendered":"https:\/\/panoramatv.com.do\/?p=19586"},"modified":"2026-04-30T09:13:34","modified_gmt":"2026-04-30T13:13:34","slug":"adou-respalda-pacto-por-la-integridad-educativa","status":"publish","type":"post","link":"https:\/\/panoramatv.com.do\/index.php\/2026\/04\/30\/adou-respalda-pacto-por-la-integridad-educativa\/","title":{"rendered":"ADOU respalda pacto por la integridad educativa"},"content":{"rendered":"\n<p>Santo Domingo, R.D. \u2013 La Asociaci\u00f3n Dominicana de Universidades (ADOU) respald\u00f3 la firma del Pacto por la Integridad en la Educaci\u00f3n, una iniciativa que articula a instituciones p\u00fablicas, privadas y de la sociedad civil en torno a una agenda com\u00fan para fortalecer la \u00e9tica, la transparencia y la integridad como pilares del desarrollo educativo y social del pa\u00eds.<\/p>\n\n\n\n<p>En ese sentido, el presidente de ADOU, Wady Ram\u00edrez, valor\u00f3 la iniciativa impulsada por la Direcci\u00f3n General de \u00c9tica e Integridad Gubernamental (DIGEIG),como un paso clave para consolidar el rol de la educaci\u00f3n en la construcci\u00f3n de una sociedad m\u00e1s justa.<\/p>\n\n\n\n<p>\u201cLa integridad no es un concepto abstracto; es una pr\u00e1ctica que se forma desde las aulas y se proyecta en la vida p\u00fablica. Desde ADOU asumimos este compromiso como una oportunidad para fortalecer la formaci\u00f3n en valores y contribuir activamente a una ciudadan\u00eda m\u00e1s consciente, \u00e9tica y responsable\u201d, expres\u00f3 .<\/p>\n\n\n\n<p>Ram\u00edrez destac\u00f3 que la participaci\u00f3n de ADOU en este acuerdo responde a su rol como articulador del sistema de educaci\u00f3n superior y a su compromiso con la formaci\u00f3n integral de ciudadanos capaces de incidir positivamente en el desarrollo institucional del pa\u00eds, siendo adem\u00e1s un actor clave en la consolidaci\u00f3n de una agenda com\u00fan que fortalezca la integridad en todos los niveles educativos.<\/p>\n\n\n\n<p>El acuerdo contempla la incorporaci\u00f3n transversal de la formaci\u00f3n en valores ciudadanos en los programas educativos, la capacitaci\u00f3n de docentes y actores del sector, la promoci\u00f3n de entornos escolares basados en la convivencia \u00e9tica y la participaci\u00f3n de la comunidad educativa.<\/p>\n\n\n<div class=\"wp-block-image\">\n<figure class=\"aligncenter size-full\"><img loading=\"lazy\" decoding=\"async\" width=\"1197\" height=\"898\" src=\"https:\/\/images.panoramatv.com.do\/wp-content\/uploads\/2026\/04\/50-2.jpg\" alt=\"\" class=\"wp-image-19588\"\/><figcaption class=\"wp-element-caption\">ADOU respalda pacto por la integridad educativa<\/figcaption><\/figure>\n<\/div>","protected":false},"excerpt":{"rendered":"<p>Santo Domingo, R.D. \u2013 La Asociaci\u00f3n Dominicana de Universidades (ADOU) respald\u00f3 la firma del Pacto por la Integridad en la Educaci\u00f3n, una iniciativa que articula a instituciones p\u00fablicas, privadas y de la sociedad civil en torno a una agenda com\u00fan para fortalecer la \u00e9tica, la transparencia y la integridad como pilares del desarrollo educativo y [&hellip;]<\/p>\n","protected":false},"author":1,"featured_media":19587,"comment_status":"open","ping_status":"open","sticky":false,"template":"","format":"standard","meta":{"_jetpack_memberships_contains_paid_content":false,"footnotes":"","jetpack_publicize_message":"","jetpack_publicize_feature_enabled":true,"jetpack_social_post_already_shared":true,"jetpack_social_options":{"image_generator_settings":{"template":"highway","enabled":false}}},"categories":[2794],"tags":[31],"class_list":["post-19586","post","type-post","status-publish","format-standard","has-post-thumbnail","hentry","category-educacion","tag-educacion"],"jetpack_publicize_connections":[],"jetpack_sharing_enabled":true,"jetpack_featured_media_url":"https:\/\/images.panoramatv.com.do\/wp-content\/uploads\/2026\/04\/50-1.jpg","jetpack_likes_enabled":true,"jetpack-related-posts":[],"_links":{"self":[{"href":"https:\/\/panoramatv.com.do\/index.php\/wp-json\/wp\/v2\/posts\/19586","targetHints":{"allow":["GET"]}}],"collection":[{"href":"https:\/\/panoramatv.com.do\/index.php\/wp-json\/wp\/v2\/posts"}],"about":[{"href":"https:\/\/panoramatv.com.do\/index.php\/wp-json\/wp\/v2\/types\/post"}],"author":[{"embeddable":true,"href":"https:\/\/panoramatv.com.do\/index.php\/wp-json\/wp\/v2\/users\/1"}],"replies":[{"embeddable":true,"href":"https:\/\/panoramatv.com.do\/index.php\/wp-json\/wp\/v2\/comments?post=19586"}],"version-history":[{"count":1,"href":"https:\/\/panoramatv.com.do\/index.php\/wp-json\/wp\/v2\/posts\/19586\/revisions"}],"predecessor-version":[{"id":19589,"href":"https:\/\/panoramatv.com.do\/index.php\/wp-json\/wp\/v2\/posts\/19586\/revisions\/19589"}],"wp:featuredmedia":[{"embeddable":true,"href":"https:\/\/panoramatv.com.do\/index.php\/wp-json\/wp\/v2\/media\/19587"}],"wp:attachment":[{"href":"https:\/\/panoramatv.com.do\/index.php\/wp-json\/wp\/v2\/media?parent=19586"}],"wp:term":[{"taxonomy":"category","embeddable":true,"href":"https:\/\/panoramatv.com.do\/index.php\/wp-json\/wp\/v2\/categories?post=19586"},{"taxonomy":"post_tag","embeddable":true,"href":"https:\/\/panoramatv.com.do\/index.php\/wp-json\/wp\/v2\/tags?post=19586"}],"curies":[{"name":"wp","href":"https:\/\/api.w.org\/{rel}","templated":true}]}}