{"id":19582,"date":"2026-04-27T09:13:53","date_gmt":"2026-04-27T13:13:53","guid":{"rendered":"https:\/\/panoramatv.com.do\/?p=19582"},"modified":"2026-04-27T09:13:55","modified_gmt":"2026-04-27T13:13:55","slug":"gobierno-y-conape-amplian-cobertura-social-con-nuevo-hogar-de-dia-en-samana","status":"publish","type":"post","link":"https:\/\/panoramatv.com.do\/index.php\/2026\/04\/27\/gobierno-y-conape-amplian-cobertura-social-con-nuevo-hogar-de-dia-en-samana\/","title":{"rendered":"Gobierno y CONAPE ampl\u00edan cobertura social con nuevo Hogar de D\u00eda en Saman\u00e1"},"content":{"rendered":"\n<p>Saman\u00e1, Rep\u00fablica Dominicana. \u2013 El Gobierno dominicano y el Consejo Nacional de la Persona Envejeciente, encabezado por su director ejecutivo, doctor Demetrio Vicente, dejaron en funcionamiento el Hogar de D\u00eda CONAPE Saman\u00e1 Do\u00f1a Ni\u00f1a, en esta provincia, un espacio dise\u00f1ado para brindar atenci\u00f3n integral y promover el envejecimiento activo de las personas adultas mayores.<\/p>\n\n\n\n<p>Este nuevo centro tiene como objetivo ofrecer un entorno seguro y digno que contribuya a mejorar la calidad de vida de 100 adultos mayores, priorizando a aquellos en condiciones de vulnerabilidad socioecon\u00f3mica y con alg\u00fan nivel de dependencia, sin separarlos de su entorno familiar.<\/p>\n\n\n\n<p>Durante el acto, el doctor Vicente destac\u00f3 el compromiso del CONAPE de continuar ampliando la cobertura de servicios a nivel nacional, garantizando atenci\u00f3n digna, inclusi\u00f3n social y bienestar para la poblaci\u00f3n adulta mayor.<\/p>\n\n\n\n<p>Asimismo, valor\u00f3 la importancia de este tipo de iniciativas que fortalecen el sistema de protecci\u00f3n social en el pa\u00eds.<\/p>\n\n\n\n<p>Este hogar ofrecer\u00e1 asistencia m\u00e9dica, fisioterapia, rehabilitaci\u00f3n, alimentaci\u00f3n, apoyo psicol\u00f3gico y actividades recreativas, fomentando la autonom\u00eda, la integraci\u00f3n social y el bienestar f\u00edsico y emocional de sus usuarios.<\/p>\n\n\n\n<p>El centro funcionar\u00e1 en horario de 8:00 de la ma\u00f1ana a 4:00 de la tarde, permitiendo que los adultos mayores reciban atenci\u00f3n durante el d\u00eda y permanezcan en sus hogares junto a sus familias, contribuyendo as\u00ed a prevenir el abandono y la institucionalizaci\u00f3n permanente. El hogar est\u00e1 ubicado en la calle San Juan, esquina Crist\u00f3bal Col\u00f3n, n\u00famero 10, provincia Saman\u00e1.<\/p>\n\n\n\n<figure class=\"wp-block-gallery has-nested-images columns-default is-cropped wp-block-gallery-1 is-layout-flex wp-block-gallery-is-layout-flex\">\n<figure class=\"wp-block-image size-large\"><img loading=\"lazy\" decoding=\"async\" width=\"1280\" height=\"853\" data-id=\"19583\" src=\"https:\/\/images.panoramatv.com.do\/wp-content\/uploads\/2026\/04\/aed01010-0fb8-469b-a53d-8c318278099c.jpg\" alt=\"\" class=\"wp-image-19583\"\/><\/figure>\n\n\n\n<figure class=\"wp-block-image size-large\"><img loading=\"lazy\" decoding=\"async\" width=\"1280\" height=\"853\" data-id=\"19584\" src=\"https:\/\/images.panoramatv.com.do\/wp-content\/uploads\/2026\/04\/c202ccf2-9600-461e-98f6-bb4621c8b0c2.jpg\" alt=\"\" class=\"wp-image-19584\"\/><\/figure>\n<\/figure>\n","protected":false},"excerpt":{"rendered":"<p>Saman\u00e1, Rep\u00fablica Dominicana. \u2013 El Gobierno dominicano y el Consejo Nacional de la Persona Envejeciente, encabezado por su director ejecutivo, doctor Demetrio Vicente, dejaron en funcionamiento el Hogar de D\u00eda CONAPE Saman\u00e1 Do\u00f1a Ni\u00f1a, en esta provincia, un espacio dise\u00f1ado para brindar atenci\u00f3n integral y promover el envejecimiento activo de las personas adultas mayores. Este [&hellip;]<\/p>\n","protected":false},"author":1,"featured_media":19583,"comment_status":"open","ping_status":"open","sticky":false,"template":"","format":"standard","meta":{"_jetpack_memberships_contains_paid_content":false,"footnotes":"","jetpack_publicize_message":"","jetpack_publicize_feature_enabled":true,"jetpack_social_post_already_shared":true,"jetpack_social_options":{"image_generator_settings":{"template":"highway","enabled":false}}},"categories":[1],"tags":[33],"class_list":["post-19582","post","type-post","status-publish","format-standard","has-post-thumbnail","hentry","category-actualidad","tag-gobierno"],"jetpack_publicize_connections":[],"jetpack_sharing_enabled":true,"jetpack_featured_media_url":"https:\/\/images.panoramatv.com.do\/wp-content\/uploads\/2026\/04\/aed01010-0fb8-469b-a53d-8c318278099c.jpg","jetpack_likes_enabled":true,"jetpack-related-posts":[],"_links":{"self":[{"href":"https:\/\/panoramatv.com.do\/index.php\/wp-json\/wp\/v2\/posts\/19582","targetHints":{"allow":["GET"]}}],"collection":[{"href":"https:\/\/panoramatv.com.do\/index.php\/wp-json\/wp\/v2\/posts"}],"about":[{"href":"https:\/\/panoramatv.com.do\/index.php\/wp-json\/wp\/v2\/types\/post"}],"author":[{"embeddable":true,"href":"https:\/\/panoramatv.com.do\/index.php\/wp-json\/wp\/v2\/users\/1"}],"replies":[{"embeddable":true,"href":"https:\/\/panoramatv.com.do\/index.php\/wp-json\/wp\/v2\/comments?post=19582"}],"version-history":[{"count":1,"href":"https:\/\/panoramatv.com.do\/index.php\/wp-json\/wp\/v2\/posts\/19582\/revisions"}],"predecessor-version":[{"id":19585,"href":"https:\/\/panoramatv.com.do\/index.php\/wp-json\/wp\/v2\/posts\/19582\/revisions\/19585"}],"wp:featuredmedia":[{"embeddable":true,"href":"https:\/\/panoramatv.com.do\/index.php\/wp-json\/wp\/v2\/media\/19583"}],"wp:attachment":[{"href":"https:\/\/panoramatv.com.do\/index.php\/wp-json\/wp\/v2\/media?parent=19582"}],"wp:term":[{"taxonomy":"category","embeddable":true,"href":"https:\/\/panoramatv.com.do\/index.php\/wp-json\/wp\/v2\/categories?post=19582"},{"taxonomy":"post_tag","embeddable":true,"href":"https:\/\/panoramatv.com.do\/index.php\/wp-json\/wp\/v2\/tags?post=19582"}],"curies":[{"name":"wp","href":"https:\/\/api.w.org\/{rel}","templated":true}]}}