{"id":19578,"date":"2026-04-27T08:32:05","date_gmt":"2026-04-27T12:32:05","guid":{"rendered":"https:\/\/panoramatv.com.do\/?p=19578"},"modified":"2026-04-27T08:32:07","modified_gmt":"2026-04-27T12:32:07","slug":"presidente-abinader-recorre-feria-regional-del-libro-santiago-2026-y-llama-a-la-poblacion-a-visitarla","status":"publish","type":"post","link":"https:\/\/panoramatv.com.do\/index.php\/2026\/04\/27\/presidente-abinader-recorre-feria-regional-del-libro-santiago-2026-y-llama-a-la-poblacion-a-visitarla\/","title":{"rendered":"Presidente Abinader recorre Feria Regional del Libro Santiago 2026 y llama a la poblaci\u00f3n a visitarla"},"content":{"rendered":"\n<p>Santiago.\u2013 El presidente Luis Abinader en compa\u00f1\u00eda del ministro de Cultura, Roberto \u00c1ngel Salcedo, realiz\u00f3 un recorrido por la Feria Regional del Libro Santiago 2026, donde destac\u00f3 la magnitud y diversidad cultural del evento e invit\u00f3 a la poblaci\u00f3n de Santiago y de toda la regi\u00f3n del Cibao a asistir y disfrutar de esta iniciativa que re\u00fane expresiones representativas de cada provincia y promueve el acceso a la cultura.<\/p>\n\n\n\n<p>Durante su visita, el mandatario recorri\u00f3 los distintos pabellones instalados en el Gran Teatro del Cibao, incluyendo el Pabell\u00f3n Regional, que integra a las 14 provincias del Cibao, as\u00ed como las \u00e1reas de librer\u00edas y editoriales, identidad y ciudadan\u00eda, c\u00f3mic, infantil, artesan\u00eda y gastronom\u00eda, valorando la riqueza cultural y creativa de la regi\u00f3n.<\/p>\n\n\n\n<figure class=\"wp-block-image size-large\"><img loading=\"lazy\" decoding=\"async\" width=\"1024\" height=\"683\" src=\"https:\/\/images.panoramatv.com.do\/wp-content\/uploads\/2026\/04\/ec43d343-a058-4481-b298-e8f8c1248320-1024x683.jpg\" alt=\"\" class=\"wp-image-19579\" srcset=\"https:\/\/images.panoramatv.com.do\/wp-content\/uploads\/2026\/04\/ec43d343-a058-4481-b298-e8f8c1248320-1024x683.jpg 1024w, https:\/\/images.panoramatv.com.do\/wp-content\/uploads\/2026\/04\/ec43d343-a058-4481-b298-e8f8c1248320-300x200.jpg 300w, https:\/\/images.panoramatv.com.do\/wp-content\/uploads\/2026\/04\/ec43d343-a058-4481-b298-e8f8c1248320-768x512.jpg 768w, https:\/\/images.panoramatv.com.do\/wp-content\/uploads\/2026\/04\/ec43d343-a058-4481-b298-e8f8c1248320-1536x1024.jpg 1536w, https:\/\/images.panoramatv.com.do\/wp-content\/uploads\/2026\/04\/ec43d343-a058-4481-b298-e8f8c1248320-2048x1365.jpg 2048w, https:\/\/images.panoramatv.com.do\/wp-content\/uploads\/2026\/04\/ec43d343-a058-4481-b298-e8f8c1248320-750x500.jpg 750w, https:\/\/images.panoramatv.com.do\/wp-content\/uploads\/2026\/04\/ec43d343-a058-4481-b298-e8f8c1248320-1140x760.jpg 1140w, https:\/\/images.panoramatv.com.do\/wp-content\/uploads\/2026\/04\/ec43d343-a058-4481-b298-e8f8c1248320-scaled.jpg 2560w\" sizes=\"auto, (max-width: 1024px) 100vw, 1024px\" \/><\/figure>\n\n\n\n<p>\u201cEn esta Feria del Libro y de la Cultura que la estamos haciendo ahora, retomando esta pr\u00e1ctica que se hab\u00eda suspendido desde hace m\u00e1s de 20 a\u00f1os, pero que es la m\u00e1s grande de las que se han hecho en Santiago y el Cibao, le queremos pedir no solamente a todos los habitantes de Santiago y de los municipios de la provincia, sino tambi\u00e9n a todo el Cibao, que vengan a ver\u201d, expres\u00f3 Abinader.<\/p>\n\n\n\n<p>El mandatario se\u00f1al\u00f3 que en esta feria regional \u201chay un pedacito de cada provincia del Cibao, aqu\u00ed hay un pedacito de cada cultura, desde Saman\u00e1, Mar\u00eda Trinidad S\u00e1nchez, Hermanas Mirabal, hasta la provincia Duarte, la L\u00ednea Noroeste, las cuatro provincias: Puerto Plata, Espaillat, Valverde Mao, Santiago Rodr\u00edguez, Dajab\u00f3n, Montecristi, S\u00e1nchez Ram\u00edrez, La Vega, Monse\u00f1or Nouel\u201d.<\/p>\n\n\n\n<p>\u201cTodas estas provincias, que vengan a ver y que disfruten de esta, que es una sorpresa muy positiva para m\u00ed, de esta Feria del Libro. Y felicito tambi\u00e9n al Ministerio de Cultura por esta iniciativa de mucho \u00e9xito que se merece Santiago y toda la regi\u00f3n del Cibao\u201d, expres\u00f3 el mandatario.<\/p>\n\n\n\n<figure class=\"wp-block-image size-large\"><img loading=\"lazy\" decoding=\"async\" width=\"1024\" height=\"683\" src=\"https:\/\/images.panoramatv.com.do\/wp-content\/uploads\/2026\/04\/e8b36d3d-201a-4dce-b02a-ea20b4729250-1024x683.jpg\" alt=\"\" class=\"wp-image-19580\" srcset=\"https:\/\/images.panoramatv.com.do\/wp-content\/uploads\/2026\/04\/e8b36d3d-201a-4dce-b02a-ea20b4729250-1024x683.jpg 1024w, https:\/\/images.panoramatv.com.do\/wp-content\/uploads\/2026\/04\/e8b36d3d-201a-4dce-b02a-ea20b4729250-300x200.jpg 300w, https:\/\/images.panoramatv.com.do\/wp-content\/uploads\/2026\/04\/e8b36d3d-201a-4dce-b02a-ea20b4729250-768x512.jpg 768w, https:\/\/images.panoramatv.com.do\/wp-content\/uploads\/2026\/04\/e8b36d3d-201a-4dce-b02a-ea20b4729250-1536x1024.jpg 1536w, https:\/\/images.panoramatv.com.do\/wp-content\/uploads\/2026\/04\/e8b36d3d-201a-4dce-b02a-ea20b4729250-2048x1365.jpg 2048w, https:\/\/images.panoramatv.com.do\/wp-content\/uploads\/2026\/04\/e8b36d3d-201a-4dce-b02a-ea20b4729250-750x500.jpg 750w, https:\/\/images.panoramatv.com.do\/wp-content\/uploads\/2026\/04\/e8b36d3d-201a-4dce-b02a-ea20b4729250-1140x760.jpg 1140w, https:\/\/images.panoramatv.com.do\/wp-content\/uploads\/2026\/04\/e8b36d3d-201a-4dce-b02a-ea20b4729250-scaled.jpg 2560w\" sizes=\"auto, (max-width: 1024px) 100vw, 1024px\" \/><\/figure>\n","protected":false},"excerpt":{"rendered":"<p>Santiago.\u2013 El presidente Luis Abinader en compa\u00f1\u00eda del ministro de Cultura, Roberto \u00c1ngel Salcedo, realiz\u00f3 un recorrido por la Feria Regional del Libro Santiago 2026, donde destac\u00f3 la magnitud y diversidad cultural del evento e invit\u00f3 a la poblaci\u00f3n de Santiago y de toda la regi\u00f3n del Cibao a asistir y disfrutar de esta iniciativa [&hellip;]<\/p>\n","protected":false},"author":1,"featured_media":19579,"comment_status":"open","ping_status":"open","sticky":false,"template":"","format":"standard","meta":{"_jetpack_memberships_contains_paid_content":false,"footnotes":"","jetpack_publicize_message":"","jetpack_publicize_feature_enabled":true,"jetpack_social_post_already_shared":true,"jetpack_social_options":{"image_generator_settings":{"template":"highway","enabled":false}}},"categories":[2793],"tags":[33],"class_list":["post-19578","post","type-post","status-publish","format-standard","has-post-thumbnail","hentry","category-gobierno","tag-gobierno"],"jetpack_publicize_connections":[],"jetpack_sharing_enabled":true,"jetpack_featured_media_url":"https:\/\/images.panoramatv.com.do\/wp-content\/uploads\/2026\/04\/ec43d343-a058-4481-b298-e8f8c1248320-scaled.jpg","jetpack_likes_enabled":true,"jetpack-related-posts":[],"_links":{"self":[{"href":"https:\/\/panoramatv.com.do\/index.php\/wp-json\/wp\/v2\/posts\/19578","targetHints":{"allow":["GET"]}}],"collection":[{"href":"https:\/\/panoramatv.com.do\/index.php\/wp-json\/wp\/v2\/posts"}],"about":[{"href":"https:\/\/panoramatv.com.do\/index.php\/wp-json\/wp\/v2\/types\/post"}],"author":[{"embeddable":true,"href":"https:\/\/panoramatv.com.do\/index.php\/wp-json\/wp\/v2\/users\/1"}],"replies":[{"embeddable":true,"href":"https:\/\/panoramatv.com.do\/index.php\/wp-json\/wp\/v2\/comments?post=19578"}],"version-history":[{"count":1,"href":"https:\/\/panoramatv.com.do\/index.php\/wp-json\/wp\/v2\/posts\/19578\/revisions"}],"predecessor-version":[{"id":19581,"href":"https:\/\/panoramatv.com.do\/index.php\/wp-json\/wp\/v2\/posts\/19578\/revisions\/19581"}],"wp:featuredmedia":[{"embeddable":true,"href":"https:\/\/panoramatv.com.do\/index.php\/wp-json\/wp\/v2\/media\/19579"}],"wp:attachment":[{"href":"https:\/\/panoramatv.com.do\/index.php\/wp-json\/wp\/v2\/media?parent=19578"}],"wp:term":[{"taxonomy":"category","embeddable":true,"href":"https:\/\/panoramatv.com.do\/index.php\/wp-json\/wp\/v2\/categories?post=19578"},{"taxonomy":"post_tag","embeddable":true,"href":"https:\/\/panoramatv.com.do\/index.php\/wp-json\/wp\/v2\/tags?post=19578"}],"curies":[{"name":"wp","href":"https:\/\/api.w.org\/{rel}","templated":true}]}}