{"id":19574,"date":"2026-04-27T08:30:21","date_gmt":"2026-04-27T12:30:21","guid":{"rendered":"https:\/\/panoramatv.com.do\/?p=19574"},"modified":"2026-04-27T08:30:23","modified_gmt":"2026-04-27T12:30:23","slug":"worldskills-americas-concluye-en-punta-cana-con-enfasis-en-formacion-tecnica","status":"publish","type":"post","link":"https:\/\/panoramatv.com.do\/index.php\/2026\/04\/27\/worldskills-americas-concluye-en-punta-cana-con-enfasis-en-formacion-tecnica\/","title":{"rendered":"WorldSkills Am\u00e9ricas concluye en Punta Cana con \u00e9nfasis en formaci\u00f3n t\u00e9cnica"},"content":{"rendered":"\n<p>Punta Cana, La Altagracia. -La Asamblea General de WorldSkills Am\u00e9ricas Punta Cana 2026 concluy\u00f3 tras varios d\u00edas de intensas jornadas de trabajo, reflexi\u00f3n e intercambio regional, consolidando acuerdos clave para el fortalecimiento institucional y la promoci\u00f3n de la formaci\u00f3n t\u00e9cnico profesional en el continente.<\/p>\n\n\n\n<p>Las palabras de cierre estuvieron a cargo de la directora general del Instituto Nacional de Formaci\u00f3n T\u00e9cnico Profesional (INFOTEP), quien centr\u00f3 su mensaje en el valor humano de los avances alcanzados durante el encuentro.<\/p>\n\n\n\n<p>\u201cM\u00e1s all\u00e1 de los avances institucionales, lo m\u00e1s significativo es el impacto en las personas\u201d, expres\u00f3 Morla, al subrayar que la formaci\u00f3n t\u00e9cnico profesional no solo construye trayectorias laborales, sino que transforma vidas y abre oportunidades reales para el desarrollo.<\/p>\n\n\n\n<figure class=\"wp-block-image size-full\"><img loading=\"lazy\" decoding=\"async\" width=\"1600\" height=\"1066\" src=\"https:\/\/images.panoramatv.com.do\/wp-content\/uploads\/2026\/04\/988ced89-eedb-4656-9b1a-008161d689d0.jpg\" alt=\"\" class=\"wp-image-19575\"\/><\/figure>\n\n\n\n<p>\u201cLa celebraci\u00f3n de esta Asamblea en la Rep\u00fablica Dominicana reafirma el posicionamiento del pa\u00eds y del INFOTEP como referentes regionales en formaci\u00f3n t\u00e9cnico profesional, colocando a las personas en el centro de las pol\u00edticas de desarrollo\u201d, afirm\u00f3.<\/p>\n\n\n\n<p>La directora general del INFOTEP tambi\u00e9n valor\u00f3 el proceso de fortalecimiento institucional de WorldSkills Am\u00e9ricas, que incluy\u00f3 la elecci\u00f3n de nuevas autoridades y la definici\u00f3n de Paraguay como sede de la pr\u00f3xima Asamblea en 2028.<\/p>\n\n\n\n<p>Agenda WordSkills Am\u00e9ricas<\/p>\n\n\n\n<p>La agenda incluy\u00f3 un Foro de L\u00edderes en el que se analiz\u00f3 el modelo de gobernanza tripartita de la Rep\u00fablica Dominicana, tomando como referencia la experiencia del INFOTEP, as\u00ed como la presentaci\u00f3n del modelo de formaci\u00f3n dual \u201cPRODUAL\u201d, con casos aplicados como las empresas Martin\u00f3n.<\/p>\n\n\n\n<p>El ministro de Turismo, David Collado, particip\u00f3 en la Asamblea destacando el papel estrat\u00e9gico del INFOTEP en la capacitaci\u00f3n del capital humano que sostiene la industria tur\u00edstica, mientras que el ministro de Educaci\u00f3n Superior, Ciencia y Tecnolog\u00eda, Rafael Santos Bad\u00eda, reflexion\u00f3 sobre los desaf\u00edos de la transformaci\u00f3n en la formaci\u00f3n.<\/p>\n\n\n\n<figure class=\"wp-block-image size-full\"><img loading=\"lazy\" decoding=\"async\" width=\"1578\" height=\"1443\" src=\"https:\/\/images.panoramatv.com.do\/wp-content\/uploads\/2026\/04\/1417500e-b36b-41f8-b002-d8cc6aedf84e.jpg\" alt=\"\" class=\"wp-image-19576\"\/><\/figure>\n","protected":false},"excerpt":{"rendered":"<p>Punta Cana, La Altagracia. -La Asamblea General de WorldSkills Am\u00e9ricas Punta Cana 2026 concluy\u00f3 tras varios d\u00edas de intensas jornadas de trabajo, reflexi\u00f3n e intercambio regional, consolidando acuerdos clave para el fortalecimiento institucional y la promoci\u00f3n de la formaci\u00f3n t\u00e9cnico profesional en el continente. Las palabras de cierre estuvieron a cargo de la directora general [&hellip;]<\/p>\n","protected":false},"author":1,"featured_media":19575,"comment_status":"open","ping_status":"open","sticky":false,"template":"","format":"standard","meta":{"_jetpack_memberships_contains_paid_content":false,"footnotes":"","jetpack_publicize_message":"","jetpack_publicize_feature_enabled":true,"jetpack_social_post_already_shared":true,"jetpack_social_options":{"image_generator_settings":{"template":"highway","enabled":false}}},"categories":[1],"tags":[140],"class_list":["post-19574","post","type-post","status-publish","format-standard","has-post-thumbnail","hentry","category-actualidad","tag-infotep"],"jetpack_publicize_connections":[],"jetpack_sharing_enabled":true,"jetpack_featured_media_url":"https:\/\/images.panoramatv.com.do\/wp-content\/uploads\/2026\/04\/988ced89-eedb-4656-9b1a-008161d689d0.jpg","jetpack_likes_enabled":true,"jetpack-related-posts":[],"_links":{"self":[{"href":"https:\/\/panoramatv.com.do\/index.php\/wp-json\/wp\/v2\/posts\/19574","targetHints":{"allow":["GET"]}}],"collection":[{"href":"https:\/\/panoramatv.com.do\/index.php\/wp-json\/wp\/v2\/posts"}],"about":[{"href":"https:\/\/panoramatv.com.do\/index.php\/wp-json\/wp\/v2\/types\/post"}],"author":[{"embeddable":true,"href":"https:\/\/panoramatv.com.do\/index.php\/wp-json\/wp\/v2\/users\/1"}],"replies":[{"embeddable":true,"href":"https:\/\/panoramatv.com.do\/index.php\/wp-json\/wp\/v2\/comments?post=19574"}],"version-history":[{"count":1,"href":"https:\/\/panoramatv.com.do\/index.php\/wp-json\/wp\/v2\/posts\/19574\/revisions"}],"predecessor-version":[{"id":19577,"href":"https:\/\/panoramatv.com.do\/index.php\/wp-json\/wp\/v2\/posts\/19574\/revisions\/19577"}],"wp:featuredmedia":[{"embeddable":true,"href":"https:\/\/panoramatv.com.do\/index.php\/wp-json\/wp\/v2\/media\/19575"}],"wp:attachment":[{"href":"https:\/\/panoramatv.com.do\/index.php\/wp-json\/wp\/v2\/media?parent=19574"}],"wp:term":[{"taxonomy":"category","embeddable":true,"href":"https:\/\/panoramatv.com.do\/index.php\/wp-json\/wp\/v2\/categories?post=19574"},{"taxonomy":"post_tag","embeddable":true,"href":"https:\/\/panoramatv.com.do\/index.php\/wp-json\/wp\/v2\/tags?post=19574"}],"curies":[{"name":"wp","href":"https:\/\/api.w.org\/{rel}","templated":true}]}}