{"id":19570,"date":"2026-04-27T08:29:05","date_gmt":"2026-04-27T12:29:05","guid":{"rendered":"https:\/\/panoramatv.com.do\/?p=19570"},"modified":"2026-04-27T08:29:07","modified_gmt":"2026-04-27T12:29:07","slug":"agustin-burgos-destaca-carretera-tavera-jarabacoa-como-simbolo-de-desarrollo-y-belleza-natural","status":"publish","type":"post","link":"https:\/\/panoramatv.com.do\/index.php\/2026\/04\/27\/agustin-burgos-destaca-carretera-tavera-jarabacoa-como-simbolo-de-desarrollo-y-belleza-natural\/","title":{"rendered":"Agust\u00edn Burgos destaca carretera Tavera-Jarabacoa como s\u00edmbolo de desarrollo y belleza natural\u00bb"},"content":{"rendered":"\n<p>La Vega.&nbsp;\u2013 El doctor Agust\u00edn Burgos, director ejecutivo del Instituto Dominicano de Prevenci\u00f3n y Protecci\u00f3n de Riesgos Laborales (IDOPPRIL) y exdiputado por la provincia de La Vega, valor\u00f3 positivamente la construcci\u00f3n y el impacto de la carretera que conecta la localidad de Tavera con el municipio Jarabacoa.<\/p>\n\n\n\n<p>A su juicio, esta importante obra representa un avance significativo en materia de infraestructura vial y se traduce en mayores oportunidades para el desarrollo econ\u00f3mico y social de las comunidades beneficiadas. Destac\u00f3 que la v\u00eda ha contribuido a mejorar la movilidad, fortalecer el comercio local y facilitar el acceso a zonas productivas.<\/p>\n\n\n\n<p>Asimismo, el Dr. Burgos expres\u00f3 que la carretera posee un valor adicional que la convierte en un atractivo tur\u00edstico natural, gracias a los impresionantes paisajes que acompa\u00f1an todo su trayecto. Esto, a su entender, la posiciona como una de las rutas m\u00e1s hermosas de la regi\u00f3n.<\/p>\n\n\n\n<p>\u201cEsta obra es una muestra clara del progreso que vive nuestra provincia: une comunidades, impulsa la econom\u00eda y, al mismo tiempo, resalta la belleza de nuestros campos\u201d, asegur\u00f3.<\/p>\n\n\n\n<p>Con estas declaraciones, el tambi\u00e9n exlegislador reafirm\u00f3 su visi\u00f3n de que las inversiones en infraestructura no solo deben responder a necesidades de conectividad, sino tambi\u00e9n contribuir al desarrollo integral y a la proyecci\u00f3n tur\u00edstica de la provincia.<\/p>\n\n\n\n<figure class=\"wp-block-gallery has-nested-images columns-default is-cropped wp-block-gallery-1 is-layout-flex wp-block-gallery-is-layout-flex\">\n<figure class=\"wp-block-image size-large\"><img loading=\"lazy\" decoding=\"async\" width=\"1600\" height=\"1379\" data-id=\"19571\" src=\"https:\/\/images.panoramatv.com.do\/wp-content\/uploads\/2026\/04\/505d1a0b-38ec-4f6f-b848-bc7de8382869.jpg\" alt=\"\" class=\"wp-image-19571\"\/><\/figure>\n\n\n\n<figure class=\"wp-block-image size-large\"><img loading=\"lazy\" decoding=\"async\" width=\"1600\" height=\"900\" data-id=\"19572\" src=\"https:\/\/images.panoramatv.com.do\/wp-content\/uploads\/2026\/04\/fb334165-d3ab-49da-a256-bda996e9663a.jpg\" alt=\"\" class=\"wp-image-19572\"\/><\/figure>\n<\/figure>\n","protected":false},"excerpt":{"rendered":"<p>La Vega.&nbsp;\u2013 El doctor Agust\u00edn Burgos, director ejecutivo del Instituto Dominicano de Prevenci\u00f3n y Protecci\u00f3n de Riesgos Laborales (IDOPPRIL) y exdiputado por la provincia de La Vega, valor\u00f3 positivamente la construcci\u00f3n y el impacto de la carretera que conecta la localidad de Tavera con el municipio Jarabacoa. A su juicio, esta importante obra representa un [&hellip;]<\/p>\n","protected":false},"author":1,"featured_media":19572,"comment_status":"open","ping_status":"open","sticky":false,"template":"","format":"standard","meta":{"_jetpack_memberships_contains_paid_content":false,"footnotes":"","jetpack_publicize_message":"","jetpack_publicize_feature_enabled":true,"jetpack_social_post_already_shared":true,"jetpack_social_options":{"image_generator_settings":{"template":"highway","enabled":false}}},"categories":[1],"tags":[648],"class_list":["post-19570","post","type-post","status-publish","format-standard","has-post-thumbnail","hentry","category-actualidad","tag-idoppril"],"jetpack_publicize_connections":[],"jetpack_sharing_enabled":true,"jetpack_featured_media_url":"https:\/\/images.panoramatv.com.do\/wp-content\/uploads\/2026\/04\/fb334165-d3ab-49da-a256-bda996e9663a.jpg","jetpack_likes_enabled":true,"jetpack-related-posts":[],"_links":{"self":[{"href":"https:\/\/panoramatv.com.do\/index.php\/wp-json\/wp\/v2\/posts\/19570","targetHints":{"allow":["GET"]}}],"collection":[{"href":"https:\/\/panoramatv.com.do\/index.php\/wp-json\/wp\/v2\/posts"}],"about":[{"href":"https:\/\/panoramatv.com.do\/index.php\/wp-json\/wp\/v2\/types\/post"}],"author":[{"embeddable":true,"href":"https:\/\/panoramatv.com.do\/index.php\/wp-json\/wp\/v2\/users\/1"}],"replies":[{"embeddable":true,"href":"https:\/\/panoramatv.com.do\/index.php\/wp-json\/wp\/v2\/comments?post=19570"}],"version-history":[{"count":1,"href":"https:\/\/panoramatv.com.do\/index.php\/wp-json\/wp\/v2\/posts\/19570\/revisions"}],"predecessor-version":[{"id":19573,"href":"https:\/\/panoramatv.com.do\/index.php\/wp-json\/wp\/v2\/posts\/19570\/revisions\/19573"}],"wp:featuredmedia":[{"embeddable":true,"href":"https:\/\/panoramatv.com.do\/index.php\/wp-json\/wp\/v2\/media\/19572"}],"wp:attachment":[{"href":"https:\/\/panoramatv.com.do\/index.php\/wp-json\/wp\/v2\/media?parent=19570"}],"wp:term":[{"taxonomy":"category","embeddable":true,"href":"https:\/\/panoramatv.com.do\/index.php\/wp-json\/wp\/v2\/categories?post=19570"},{"taxonomy":"post_tag","embeddable":true,"href":"https:\/\/panoramatv.com.do\/index.php\/wp-json\/wp\/v2\/tags?post=19570"}],"curies":[{"name":"wp","href":"https:\/\/api.w.org\/{rel}","templated":true}]}}