{"id":19563,"date":"2026-04-27T08:24:25","date_gmt":"2026-04-27T12:24:25","guid":{"rendered":"https:\/\/panoramatv.com.do\/?p=19563"},"modified":"2026-04-27T08:24:27","modified_gmt":"2026-04-27T12:24:27","slug":"fellito-subervi-caasd-pondra-fin-a-inundaciones-en-canada-juan-valdez-en-los-rios","status":"publish","type":"post","link":"https:\/\/panoramatv.com.do\/index.php\/2026\/04\/27\/fellito-subervi-caasd-pondra-fin-a-inundaciones-en-canada-juan-valdez-en-los-rios\/","title":{"rendered":"Fellito Suberv\u00ed: CAASD pondr\u00e1 fin a inundaciones en ca\u00f1ada Juan Valdez en Los R\u00edos"},"content":{"rendered":"\n<p>SANTO DOMINGO \u2013 El director general de la Corporaci\u00f3n del Acueducto y Alcantarillado de Santo Domingo (CAASD), ingeniero Fellito Suberv\u00ed, asegur\u00f3 que \u201cel dolor de cabeza, la zozobra y el terror\u201d que provocan las inundaciones, que por m\u00e1s de 30 a\u00f1os han sufrido los residentes en las proximidades de la ca\u00f1ada Juan Valdez en el sector de Los R\u00edos, ser\u00e1 cosa del pasado con el saneamiento de este afluente.<\/p>\n\n\n\n<p>Sin embargo, advirti\u00f3 el funcionario que la soluci\u00f3n a las inundaciones en el Gran Santo Domingo requiere de la \u00abtoma de conciencia\u00bb por parte de la poblaci\u00f3n respecto al manejo de la basura.<\/p>\n\n\n\n<p>Durante un recorrido por las ca\u00f1adas en proceso de saneamiento, entre ellas Juan Valdez, Las 800, Guajim\u00eda, Las Caobas, y Los Girasoles el ingeniero Suberv\u00ed explic\u00f3 que, aunque el imaginario colectivo se enfoca en el centro de la ciudad, \u00abdonde m\u00e1s se inunda es en la periferia, donde est\u00e1n todas esas ca\u00f1adas\u00bb, debido a la densidad poblacional y al impacto de los desechos en los cauces.<\/p>\n\n\n\n<p>El director de la CAASD fue enf\u00e1tico al se\u00f1alar que la basura es el principal obst\u00e1culo para que las obras de infraestructura funcionen correctamente. \u00abNo nos quejemos porque el Estado no limpia los imbornales. Vamos a poner esfuerzo para que no lo ensucien\u00bb, sentenci\u00f3 Fellito Suberv\u00ed.<\/p>\n\n\n\n<p>Se\u00f1al\u00f3 que, pensando en el bienestar, la seguridad y la salud de la gente, el gobierno del Presidente Luis Abinader ha puesto el tema de las ca\u00f1adas \u00aben el tablero\u00bb, pero advirti\u00f3 que, si no se crea conciencia, la basura seguir\u00e1 afectando los sistemas dise\u00f1ados para durar hasta 50 a\u00f1os.<\/p>\n\n\n\n<figure class=\"wp-block-gallery has-nested-images columns-default is-cropped wp-block-gallery-1 is-layout-flex wp-block-gallery-is-layout-flex\">\n<figure class=\"wp-block-image size-large\"><img loading=\"lazy\" decoding=\"async\" width=\"1179\" height=\"1096\" data-id=\"19564\" src=\"https:\/\/images.panoramatv.com.do\/wp-content\/uploads\/2026\/04\/e857d678-57df-4923-9be7-e9a8975c3b3d.jpg\" alt=\"\" class=\"wp-image-19564\"\/><\/figure>\n\n\n\n<figure class=\"wp-block-image size-large\"><img loading=\"lazy\" decoding=\"async\" width=\"1600\" height=\"1068\" data-id=\"19565\" src=\"https:\/\/images.panoramatv.com.do\/wp-content\/uploads\/2026\/04\/7b0a194e-a1ad-4a88-83ef-6f349338373d.jpg\" alt=\"\" class=\"wp-image-19565\"\/><\/figure>\n<\/figure>\n","protected":false},"excerpt":{"rendered":"<p>SANTO DOMINGO \u2013 El director general de la Corporaci\u00f3n del Acueducto y Alcantarillado de Santo Domingo (CAASD), ingeniero Fellito Suberv\u00ed, asegur\u00f3 que \u201cel dolor de cabeza, la zozobra y el terror\u201d que provocan las inundaciones, que por m\u00e1s de 30 a\u00f1os han sufrido los residentes en las proximidades de la ca\u00f1ada Juan Valdez en el [&hellip;]<\/p>\n","protected":false},"author":1,"featured_media":19565,"comment_status":"open","ping_status":"open","sticky":false,"template":"","format":"standard","meta":{"_jetpack_memberships_contains_paid_content":false,"footnotes":"","jetpack_publicize_message":"","jetpack_publicize_feature_enabled":true,"jetpack_social_post_already_shared":true,"jetpack_social_options":{"image_generator_settings":{"template":"highway","enabled":false}}},"categories":[1],"tags":[1882],"class_list":["post-19563","post","type-post","status-publish","format-standard","has-post-thumbnail","hentry","category-actualidad","tag-caasd"],"jetpack_publicize_connections":[],"jetpack_sharing_enabled":true,"jetpack_featured_media_url":"https:\/\/images.panoramatv.com.do\/wp-content\/uploads\/2026\/04\/7b0a194e-a1ad-4a88-83ef-6f349338373d.jpg","jetpack_likes_enabled":true,"jetpack-related-posts":[],"_links":{"self":[{"href":"https:\/\/panoramatv.com.do\/index.php\/wp-json\/wp\/v2\/posts\/19563","targetHints":{"allow":["GET"]}}],"collection":[{"href":"https:\/\/panoramatv.com.do\/index.php\/wp-json\/wp\/v2\/posts"}],"about":[{"href":"https:\/\/panoramatv.com.do\/index.php\/wp-json\/wp\/v2\/types\/post"}],"author":[{"embeddable":true,"href":"https:\/\/panoramatv.com.do\/index.php\/wp-json\/wp\/v2\/users\/1"}],"replies":[{"embeddable":true,"href":"https:\/\/panoramatv.com.do\/index.php\/wp-json\/wp\/v2\/comments?post=19563"}],"version-history":[{"count":1,"href":"https:\/\/panoramatv.com.do\/index.php\/wp-json\/wp\/v2\/posts\/19563\/revisions"}],"predecessor-version":[{"id":19566,"href":"https:\/\/panoramatv.com.do\/index.php\/wp-json\/wp\/v2\/posts\/19563\/revisions\/19566"}],"wp:featuredmedia":[{"embeddable":true,"href":"https:\/\/panoramatv.com.do\/index.php\/wp-json\/wp\/v2\/media\/19565"}],"wp:attachment":[{"href":"https:\/\/panoramatv.com.do\/index.php\/wp-json\/wp\/v2\/media?parent=19563"}],"wp:term":[{"taxonomy":"category","embeddable":true,"href":"https:\/\/panoramatv.com.do\/index.php\/wp-json\/wp\/v2\/categories?post=19563"},{"taxonomy":"post_tag","embeddable":true,"href":"https:\/\/panoramatv.com.do\/index.php\/wp-json\/wp\/v2\/tags?post=19563"}],"curies":[{"name":"wp","href":"https:\/\/api.w.org\/{rel}","templated":true}]}}