{"id":19560,"date":"2026-04-27T08:22:37","date_gmt":"2026-04-27T12:22:37","guid":{"rendered":"https:\/\/panoramatv.com.do\/?p=19560"},"modified":"2026-04-27T08:22:41","modified_gmt":"2026-04-27T12:22:41","slug":"canciller-del-reino-de-espana-realizara-visita-oficial-a-republica-dominicana","status":"publish","type":"post","link":"https:\/\/panoramatv.com.do\/index.php\/2026\/04\/27\/canciller-del-reino-de-espana-realizara-visita-oficial-a-republica-dominicana\/","title":{"rendered":"Canciller del Reino de Espa\u00f1a realizar\u00e1 visita oficial a Rep\u00fablica Dominicana"},"content":{"rendered":"\n<p>Santo Domingo de Guzm\u00e1n, Rep\u00fablica Dominicana. -El ministro de Relaciones Exteriores, Roberto \u00c1lvarez, recibir\u00e1 este martes 28 de abril a su hom\u00f3logo del Reino de Espa\u00f1a, Jos\u00e9 Manuel Albares, quien realizar\u00e1 una visita oficial al pa\u00eds.<\/p>\n\n\n\n<p>El Ministerio de Relaciones Exteriores inform\u00f3 que el ministro de Asuntos Exteriores, Uni\u00f3n Europea y Cooperaci\u00f3n del Reino de Espa\u00f1a llegar\u00e1 a la Canciller\u00eda en horas de la ma\u00f1ana. Tras los saludos protocolares, ambos cancilleres sostendr\u00e1n una reuni\u00f3n de trabajo.<\/p>\n\n\n\n<p>La agenda incluye una conferencia de prensa conjunta, en la que se informar\u00e1 sobre los temas abordados.<br>La visita se realiza en reciprocidad al encuentro sostenido por ambos cancilleres en Madrid, en mayo de 2025, y da seguimiento a los compromisos de trabajo acordados en esa ocasi\u00f3n.<\/p>\n\n\n\n<p>Rep\u00fablica Dominicana y el Reino de Espa\u00f1a mantienen relaciones diplom\u00e1ticas de larga data y una agenda de cooperaci\u00f3n en \u00e1reas de inter\u00e9s com\u00fan, en el marco de un di\u00e1logo institucional continuo y respetuoso.<\/p>\n\n\n\n<p>El ministro espa\u00f1ol estar\u00e1 acompa\u00f1ado por la secretaria de Estado para Iberoam\u00e9rica y el Caribe, Susana Sumelzo; la embajadora de Espa\u00f1a en Rep\u00fablica Dominicana, Lorea Arribalzaga; as\u00ed como por otros funcionarios.<\/p>\n\n\n\n<p>Por su parte, el canciller Roberto \u00c1lvarez estar\u00e1 acompa\u00f1ado por los viceministros Francisco Caraballo, Rub\u00e9n Sili\u00e9 y Opinio D\u00edaz, junto a otros funcionarios del MIREX.<\/p>\n\n\n\n<p>Rep\u00fablica Dominicana reafirma su compromiso con una pol\u00edtica exterior basada en el respeto mutuo, el di\u00e1logo constructivo y la cooperaci\u00f3n con sus socios internacionales.<\/p>\n\n\n<div class=\"wp-block-image\">\n<figure class=\"aligncenter size-full\"><img loading=\"lazy\" decoding=\"async\" width=\"1600\" height=\"1066\" src=\"https:\/\/images.panoramatv.com.do\/wp-content\/uploads\/2026\/04\/41ffa807-85e4-4734-9235-810aa2f10e05.jpg\" alt=\"\" class=\"wp-image-19561\"\/><figcaption class=\"wp-element-caption\">Canciller del Reino de Espa\u00f1a realizar\u00e1 visita oficial a Rep\u00fablica Dominicana<\/figcaption><\/figure>\n<\/div>","protected":false},"excerpt":{"rendered":"<p>Santo Domingo de Guzm\u00e1n, Rep\u00fablica Dominicana. -El ministro de Relaciones Exteriores, Roberto \u00c1lvarez, recibir\u00e1 este martes 28 de abril a su hom\u00f3logo del Reino de Espa\u00f1a, Jos\u00e9 Manuel Albares, quien realizar\u00e1 una visita oficial al pa\u00eds. El Ministerio de Relaciones Exteriores inform\u00f3 que el ministro de Asuntos Exteriores, Uni\u00f3n Europea y Cooperaci\u00f3n del Reino de [&hellip;]<\/p>\n","protected":false},"author":1,"featured_media":19561,"comment_status":"open","ping_status":"open","sticky":false,"template":"","format":"standard","meta":{"_jetpack_memberships_contains_paid_content":false,"footnotes":"","jetpack_publicize_message":"","jetpack_publicize_feature_enabled":true,"jetpack_social_post_already_shared":true,"jetpack_social_options":{"image_generator_settings":{"template":"highway","enabled":false}}},"categories":[1],"tags":[3666],"class_list":["post-19560","post","type-post","status-publish","format-standard","has-post-thumbnail","hentry","category-actualidad","tag-cancilleria"],"jetpack_publicize_connections":[],"jetpack_sharing_enabled":true,"jetpack_featured_media_url":"https:\/\/images.panoramatv.com.do\/wp-content\/uploads\/2026\/04\/41ffa807-85e4-4734-9235-810aa2f10e05.jpg","jetpack_likes_enabled":true,"jetpack-related-posts":[],"_links":{"self":[{"href":"https:\/\/panoramatv.com.do\/index.php\/wp-json\/wp\/v2\/posts\/19560","targetHints":{"allow":["GET"]}}],"collection":[{"href":"https:\/\/panoramatv.com.do\/index.php\/wp-json\/wp\/v2\/posts"}],"about":[{"href":"https:\/\/panoramatv.com.do\/index.php\/wp-json\/wp\/v2\/types\/post"}],"author":[{"embeddable":true,"href":"https:\/\/panoramatv.com.do\/index.php\/wp-json\/wp\/v2\/users\/1"}],"replies":[{"embeddable":true,"href":"https:\/\/panoramatv.com.do\/index.php\/wp-json\/wp\/v2\/comments?post=19560"}],"version-history":[{"count":1,"href":"https:\/\/panoramatv.com.do\/index.php\/wp-json\/wp\/v2\/posts\/19560\/revisions"}],"predecessor-version":[{"id":19562,"href":"https:\/\/panoramatv.com.do\/index.php\/wp-json\/wp\/v2\/posts\/19560\/revisions\/19562"}],"wp:featuredmedia":[{"embeddable":true,"href":"https:\/\/panoramatv.com.do\/index.php\/wp-json\/wp\/v2\/media\/19561"}],"wp:attachment":[{"href":"https:\/\/panoramatv.com.do\/index.php\/wp-json\/wp\/v2\/media?parent=19560"}],"wp:term":[{"taxonomy":"category","embeddable":true,"href":"https:\/\/panoramatv.com.do\/index.php\/wp-json\/wp\/v2\/categories?post=19560"},{"taxonomy":"post_tag","embeddable":true,"href":"https:\/\/panoramatv.com.do\/index.php\/wp-json\/wp\/v2\/tags?post=19560"}],"curies":[{"name":"wp","href":"https:\/\/api.w.org\/{rel}","templated":true}]}}