{"id":19538,"date":"2026-04-27T08:05:16","date_gmt":"2026-04-27T12:05:16","guid":{"rendered":"https:\/\/panoramatv.com.do\/?p=19538"},"modified":"2026-04-27T08:05:18","modified_gmt":"2026-04-27T12:05:18","slug":"promipyme-entrega-rd90-millones-en-250-a-microempresarios-de-santo-domingo-este","status":"publish","type":"post","link":"https:\/\/panoramatv.com.do\/index.php\/2026\/04\/27\/promipyme-entrega-rd90-millones-en-250-a-microempresarios-de-santo-domingo-este\/","title":{"rendered":"Promipyme entrega RD$90 millones en 250 a microempresarios de Santo Domingo Este"},"content":{"rendered":"\n<p>Santo Domingo Este.- El Consejo Nacional de Promoci\u00f3n y Apoyo a la Micro, Peque\u00f1a y Mediana Empresa (Promipyme) entreg\u00f3 este jueves RD$90 millones en cr\u00e9ditos a 250 microempresarios de Santo Domingo Este.<\/p>\n\n\n\n<p>La actividad fue encabezada por el director general de la entidad, el economista Fabricio G\u00f3mez Mazara, junto al viceministro de Fomento a las Mipymes, Jorge Morales, en el Club Calero de Villa Duarte.<\/p>\n\n\n\n<p>Durante el acto, G\u00f3mez Mazara destac\u00f3 que los recursos son colocados con total transparencia, en cumplimiento del mandato del presidente Luis Abinader de mantener invariables las tasas de inter\u00e9s de los productos financieros de la instituci\u00f3n.<\/p>\n\n\n\n<p>\u201cPromipyme mantendr\u00e1 la tasa invariable de sus productos financieros, como ha sido dispuesto por el presidente Luis Abinader\u201d, afirm\u00f3.<\/p>\n\n\n\n<p>Asimismo, enfatiz\u00f3 que realizar este tipo de entregas de cara a la comunidad constituye el mayor ejercicio de transparencia.<\/p>\n\n\n\n<p>\u201cCumpliendo con la Ley 488-08 que crea Promipyme, estamos llevando el cr\u00e9dito donde vive la gente, escuchando sus necesidades para tomar decisiones acertadas\u201d, expres\u00f3.<\/p>\n\n\n\n<p>El director general tambi\u00e9n se\u00f1al\u00f3 que el 58 % de los cr\u00e9ditos otorgados en esta jornada est\u00e1n destinados a negocios liderados por mujeres, como parte de una pol\u00edtica p\u00fablica impulsada por el Ministerio de Industria, Comercio y Mipymes.<\/p>\n\n\n\n<figure class=\"wp-block-gallery has-nested-images columns-default is-cropped wp-block-gallery-1 is-layout-flex wp-block-gallery-is-layout-flex\">\n<figure class=\"wp-block-image size-large\"><img loading=\"lazy\" decoding=\"async\" width=\"1197\" height=\"898\" data-id=\"19539\" src=\"https:\/\/images.panoramatv.com.do\/wp-content\/uploads\/2026\/04\/94.jpg\" alt=\"\" class=\"wp-image-19539\"\/><\/figure>\n\n\n\n<figure class=\"wp-block-image size-large\"><img loading=\"lazy\" decoding=\"async\" width=\"1197\" height=\"898\" data-id=\"19540\" src=\"https:\/\/images.panoramatv.com.do\/wp-content\/uploads\/2026\/04\/95.jpg\" alt=\"\" class=\"wp-image-19540\"\/><\/figure>\n<\/figure>\n","protected":false},"excerpt":{"rendered":"<p>Santo Domingo Este.- El Consejo Nacional de Promoci\u00f3n y Apoyo a la Micro, Peque\u00f1a y Mediana Empresa (Promipyme) entreg\u00f3 este jueves RD$90 millones en cr\u00e9ditos a 250 microempresarios de Santo Domingo Este. La actividad fue encabezada por el director general de la entidad, el economista Fabricio G\u00f3mez Mazara, junto al viceministro de Fomento a las [&hellip;]<\/p>\n","protected":false},"author":1,"featured_media":19540,"comment_status":"open","ping_status":"open","sticky":false,"template":"","format":"standard","meta":{"_jetpack_memberships_contains_paid_content":false,"footnotes":"","jetpack_publicize_message":"","jetpack_publicize_feature_enabled":true,"jetpack_social_post_already_shared":true,"jetpack_social_options":{"image_generator_settings":{"template":"highway","enabled":false}}},"categories":[1],"tags":[153],"class_list":["post-19538","post","type-post","status-publish","format-standard","has-post-thumbnail","hentry","category-actualidad","tag-promipyme"],"jetpack_publicize_connections":[],"jetpack_sharing_enabled":true,"jetpack_featured_media_url":"https:\/\/images.panoramatv.com.do\/wp-content\/uploads\/2026\/04\/95.jpg","jetpack_likes_enabled":true,"jetpack-related-posts":[],"_links":{"self":[{"href":"https:\/\/panoramatv.com.do\/index.php\/wp-json\/wp\/v2\/posts\/19538","targetHints":{"allow":["GET"]}}],"collection":[{"href":"https:\/\/panoramatv.com.do\/index.php\/wp-json\/wp\/v2\/posts"}],"about":[{"href":"https:\/\/panoramatv.com.do\/index.php\/wp-json\/wp\/v2\/types\/post"}],"author":[{"embeddable":true,"href":"https:\/\/panoramatv.com.do\/index.php\/wp-json\/wp\/v2\/users\/1"}],"replies":[{"embeddable":true,"href":"https:\/\/panoramatv.com.do\/index.php\/wp-json\/wp\/v2\/comments?post=19538"}],"version-history":[{"count":1,"href":"https:\/\/panoramatv.com.do\/index.php\/wp-json\/wp\/v2\/posts\/19538\/revisions"}],"predecessor-version":[{"id":19541,"href":"https:\/\/panoramatv.com.do\/index.php\/wp-json\/wp\/v2\/posts\/19538\/revisions\/19541"}],"wp:featuredmedia":[{"embeddable":true,"href":"https:\/\/panoramatv.com.do\/index.php\/wp-json\/wp\/v2\/media\/19540"}],"wp:attachment":[{"href":"https:\/\/panoramatv.com.do\/index.php\/wp-json\/wp\/v2\/media?parent=19538"}],"wp:term":[{"taxonomy":"category","embeddable":true,"href":"https:\/\/panoramatv.com.do\/index.php\/wp-json\/wp\/v2\/categories?post=19538"},{"taxonomy":"post_tag","embeddable":true,"href":"https:\/\/panoramatv.com.do\/index.php\/wp-json\/wp\/v2\/tags?post=19538"}],"curies":[{"name":"wp","href":"https:\/\/api.w.org\/{rel}","templated":true}]}}