{"id":19535,"date":"2026-04-27T08:03:41","date_gmt":"2026-04-27T12:03:41","guid":{"rendered":"https:\/\/panoramatv.com.do\/?p=19535"},"modified":"2026-04-27T08:03:44","modified_gmt":"2026-04-27T12:03:44","slug":"centro-cultural-banreservas-convoca-premio-de-relatos-con-bachata-2026","status":"publish","type":"post","link":"https:\/\/panoramatv.com.do\/index.php\/2026\/04\/27\/centro-cultural-banreservas-convoca-premio-de-relatos-con-bachata-2026\/","title":{"rendered":"Centro Cultural Banreservas convoca Premio de Relatos con Bachata 2026"},"content":{"rendered":"\n<p>El Centro Cultural Banreservas, en el marco de la Feria Regional del Libro y la Cultura del Cibao, convoca a la edici\u00f3n 2026 del Premio de Relatos Banreservas, que este a\u00f1o estar\u00e1 dedicada a la bachata.<\/p>\n\n\n\n<p>El Premio Banreservas de Relatos, organizado en alianza con Luna Insomne Editores y la Fundaci\u00f3n Cultural Lado B, se ha consolidado como un certamen que incentiva la creaci\u00f3n narrativa breve y resalta el v\u00ednculo entre la m\u00fasica y la identidad cultural dominicana.<\/p>\n\n\n\n<p>Tras haber explorado en ediciones anteriores g\u00e9neros como el jazz y el merengue, esta nueva convocatoria sit\u00faa a la bachata \u2014declarada Patrimonio Cultural Inmaterial de la Humanidad por la Organizaci\u00f3n de las Naciones Unidas para la Educaci\u00f3n, la Ciencia y la Cultura (UNESCO) en 2019\u2014 como eje tem\u00e1tico y fuente de inspiraci\u00f3n para los participantes.<\/p>\n\n\n\n<p>La convocatoria est\u00e1 abierta a autores mayores de edad, dominicanos (sin importar su lugar de residencia) y extranjeros con residencia legal en el pa\u00eds.<\/p>\n\n\n\n<p>De acuerdo con las bases, no podr\u00e1n concursar quienes hayan resultado ganadores o hayan obtenido menciones en la edici\u00f3n anterior. Las obras deber\u00e1n tener como elemento central la bachata, en cualquiera de sus vertientes.<\/p>\n\n\n\n<p>Los interesados deber\u00e1n enviar un \u00fanico relato in\u00e9dito, escrito en espa\u00f1ol, con una extensi\u00f3n de entre tres y doce p\u00e1ginas. El documento debe remitirse en formato Word, a doble espacio y bajo el sistema de seud\u00f3nimo y plica, al correo electr\u00f3nico&nbsp;<a href=\"mailto:centrocultural-concursos@banreservas.com\" target=\"_blank\" rel=\"noreferrer noopener\">centrocultural-concursos@banreservas.com<\/a>. La fecha l\u00edmite para la recepci\u00f3n de los textos es el 23 de julio de 2026, a las 11:59 de la noche.<\/p>\n\n\n<div class=\"wp-block-image\">\n<figure class=\"aligncenter size-full\"><img loading=\"lazy\" decoding=\"async\" width=\"1351\" height=\"900\" src=\"https:\/\/images.panoramatv.com.do\/wp-content\/uploads\/2026\/04\/93.jpg\" alt=\"\" class=\"wp-image-19536\"\/><figcaption class=\"wp-element-caption\">Centro Cultural Banreservas convoca Premio de Relatos con Bachata 2026<\/figcaption><\/figure>\n<\/div>","protected":false},"excerpt":{"rendered":"<p>El Centro Cultural Banreservas, en el marco de la Feria Regional del Libro y la Cultura del Cibao, convoca a la edici\u00f3n 2026 del Premio de Relatos Banreservas, que este a\u00f1o estar\u00e1 dedicada a la bachata. El Premio Banreservas de Relatos, organizado en alianza con Luna Insomne Editores y la Fundaci\u00f3n Cultural Lado B, se [&hellip;]<\/p>\n","protected":false},"author":1,"featured_media":19536,"comment_status":"open","ping_status":"open","sticky":false,"template":"","format":"standard","meta":{"_jetpack_memberships_contains_paid_content":false,"footnotes":"","jetpack_publicize_message":"","jetpack_publicize_feature_enabled":true,"jetpack_social_post_already_shared":true,"jetpack_social_options":{"image_generator_settings":{"template":"highway","enabled":false}}},"categories":[10],"tags":[3665],"class_list":["post-19535","post","type-post","status-publish","format-standard","has-post-thumbnail","hentry","category-panorama-social","tag-centro-cultura"],"jetpack_publicize_connections":[],"jetpack_sharing_enabled":true,"jetpack_featured_media_url":"https:\/\/images.panoramatv.com.do\/wp-content\/uploads\/2026\/04\/93.jpg","jetpack_likes_enabled":true,"jetpack-related-posts":[],"_links":{"self":[{"href":"https:\/\/panoramatv.com.do\/index.php\/wp-json\/wp\/v2\/posts\/19535","targetHints":{"allow":["GET"]}}],"collection":[{"href":"https:\/\/panoramatv.com.do\/index.php\/wp-json\/wp\/v2\/posts"}],"about":[{"href":"https:\/\/panoramatv.com.do\/index.php\/wp-json\/wp\/v2\/types\/post"}],"author":[{"embeddable":true,"href":"https:\/\/panoramatv.com.do\/index.php\/wp-json\/wp\/v2\/users\/1"}],"replies":[{"embeddable":true,"href":"https:\/\/panoramatv.com.do\/index.php\/wp-json\/wp\/v2\/comments?post=19535"}],"version-history":[{"count":1,"href":"https:\/\/panoramatv.com.do\/index.php\/wp-json\/wp\/v2\/posts\/19535\/revisions"}],"predecessor-version":[{"id":19537,"href":"https:\/\/panoramatv.com.do\/index.php\/wp-json\/wp\/v2\/posts\/19535\/revisions\/19537"}],"wp:featuredmedia":[{"embeddable":true,"href":"https:\/\/panoramatv.com.do\/index.php\/wp-json\/wp\/v2\/media\/19536"}],"wp:attachment":[{"href":"https:\/\/panoramatv.com.do\/index.php\/wp-json\/wp\/v2\/media?parent=19535"}],"wp:term":[{"taxonomy":"category","embeddable":true,"href":"https:\/\/panoramatv.com.do\/index.php\/wp-json\/wp\/v2\/categories?post=19535"},{"taxonomy":"post_tag","embeddable":true,"href":"https:\/\/panoramatv.com.do\/index.php\/wp-json\/wp\/v2\/tags?post=19535"}],"curies":[{"name":"wp","href":"https:\/\/api.w.org\/{rel}","templated":true}]}}