{"id":19530,"date":"2026-04-27T08:01:30","date_gmt":"2026-04-27T12:01:30","guid":{"rendered":"https:\/\/panoramatv.com.do\/?p=19530"},"modified":"2026-04-27T08:01:32","modified_gmt":"2026-04-27T12:01:32","slug":"carolina-rinde-cuentas-transformamos-la-ciudad-hacia-el-futuro","status":"publish","type":"post","link":"https:\/\/panoramatv.com.do\/index.php\/2026\/04\/27\/carolina-rinde-cuentas-transformamos-la-ciudad-hacia-el-futuro\/","title":{"rendered":"Carolina rinde cuentas: \u201cTransformamos la ciudad hacia el futuro\u201d"},"content":{"rendered":"\n<p>Santo Domingo, DN \u2013 Carolina Mej\u00eda asegur\u00f3 durante el discurso de su sexta rendici\u00f3n de cuentas que gracias a la gesti\u00f3n que ha desarrollado para transformar la ciudad, hoy Santo Domingo responde al presente y se prepara para el futuro.<\/p>\n\n\n\n<p>\u201cHoy Santo Domingo es m\u00e1s ordenada, m\u00e1s limpia, m\u00e1s humana y m\u00e1s viva\u201d, apunt\u00f3, al enumerar logros que ha tenido en la Alcald\u00eda del Distrito Nacional en el \u00faltimo a\u00f1o calendario.<\/p>\n\n\n\n<p>Al rendir cuentas en el sal\u00f3n de sesiones del Concejo de Regidores, Mej\u00eda afirm\u00f3 que no se trataba solo de un informe de gesti\u00f3n, sino del reflejo de una ciudad que empieza a tener orden, a desarrollarse en todos los sectores y barrios de manera general.<\/p>\n\n\n\n<p>\u201cEn definitiva, estamos transformando una ciudad que no solo responde al presente, sino que se prepara para el futuro\u201d, manifest\u00f3 la alcaldesa del Distrito Nacional.<\/p>\n\n\n\n<p>\u201cNo me tiembla el pulso cuando se trata de hacer lo correcto. Cuando llegu\u00e9 a la alcald\u00eda sab\u00eda que hab\u00eda que poner orden, porque s\u00f3lo en orden podemos todos disfrutar sanamente. En el caos y en el desorden ganan unos pocos y pierde la mayor\u00eda\u201d, sostuvo.&nbsp;<\/p>\n\n\n\n<p>La ejecutiva municipal consider\u00f3 que su compromiso ha sido gestionar con transparencia, escuchar a las comunidades y convertir los sue\u00f1os colectivos en acciones concretas que mejoren la vida cotidiana de todos los ciudadanos.<\/p>\n\n\n\n<p>\u201cA trav\u00e9s de esta gesti\u00f3n hist\u00f3rica rendimos cuentas con hechos, con responsabilidad, pero tambi\u00e9n con un profundo sentido humano. Gobernar una ciudad no es s\u00f3lo ejecutar obras: es transformar la vida de la gente y eso hemos hecho\u201d, reflexion\u00f3.<\/p>\n\n\n\n<p>Carolina subray\u00f3 que durante su gesti\u00f3n se ha sentado un precedente en el pa\u00eds, ya que ha demostrado que es posible construir una ciudad donde el orden urbano se traduzca en calidad de vida, en convivencia pac\u00edfica y un bienestar que se vive en cada espacio recuperado, en cada calle iluminada, en cada parque lleno de vida.<\/p>\n\n\n<div class=\"wp-block-image\">\n<figure class=\"aligncenter size-full\"><img loading=\"lazy\" decoding=\"async\" width=\"1201\" height=\"900\" src=\"https:\/\/images.panoramatv.com.do\/wp-content\/uploads\/2026\/04\/91-1.jpg\" alt=\"\" class=\"wp-image-19533\"\/><figcaption class=\"wp-element-caption\">Carolina rinde cuentas: \u201cTransformamos la ciudad hacia el futuro\u201d<\/figcaption><\/figure>\n<\/div>","protected":false},"excerpt":{"rendered":"<p>Santo Domingo, DN \u2013 Carolina Mej\u00eda asegur\u00f3 durante el discurso de su sexta rendici\u00f3n de cuentas que gracias a la gesti\u00f3n que ha desarrollado para transformar la ciudad, hoy Santo Domingo responde al presente y se prepara para el futuro. \u201cHoy Santo Domingo es m\u00e1s ordenada, m\u00e1s limpia, m\u00e1s humana y m\u00e1s viva\u201d, apunt\u00f3, al [&hellip;]<\/p>\n","protected":false},"author":1,"featured_media":19533,"comment_status":"open","ping_status":"open","sticky":false,"template":"","format":"standard","meta":{"_jetpack_memberships_contains_paid_content":false,"footnotes":"","jetpack_publicize_message":"","jetpack_publicize_feature_enabled":true,"jetpack_social_post_already_shared":true,"jetpack_social_options":{"image_generator_settings":{"template":"highway","enabled":false}}},"categories":[2795],"tags":[176],"class_list":["post-19530","post","type-post","status-publish","format-standard","has-post-thumbnail","hentry","category-alcaldia-distrito-nacional","tag-alcaldia-sdn"],"jetpack_publicize_connections":[],"jetpack_sharing_enabled":true,"jetpack_featured_media_url":"https:\/\/images.panoramatv.com.do\/wp-content\/uploads\/2026\/04\/91-1.jpg","jetpack_likes_enabled":true,"jetpack-related-posts":[],"_links":{"self":[{"href":"https:\/\/panoramatv.com.do\/index.php\/wp-json\/wp\/v2\/posts\/19530","targetHints":{"allow":["GET"]}}],"collection":[{"href":"https:\/\/panoramatv.com.do\/index.php\/wp-json\/wp\/v2\/posts"}],"about":[{"href":"https:\/\/panoramatv.com.do\/index.php\/wp-json\/wp\/v2\/types\/post"}],"author":[{"embeddable":true,"href":"https:\/\/panoramatv.com.do\/index.php\/wp-json\/wp\/v2\/users\/1"}],"replies":[{"embeddable":true,"href":"https:\/\/panoramatv.com.do\/index.php\/wp-json\/wp\/v2\/comments?post=19530"}],"version-history":[{"count":1,"href":"https:\/\/panoramatv.com.do\/index.php\/wp-json\/wp\/v2\/posts\/19530\/revisions"}],"predecessor-version":[{"id":19534,"href":"https:\/\/panoramatv.com.do\/index.php\/wp-json\/wp\/v2\/posts\/19530\/revisions\/19534"}],"wp:featuredmedia":[{"embeddable":true,"href":"https:\/\/panoramatv.com.do\/index.php\/wp-json\/wp\/v2\/media\/19533"}],"wp:attachment":[{"href":"https:\/\/panoramatv.com.do\/index.php\/wp-json\/wp\/v2\/media?parent=19530"}],"wp:term":[{"taxonomy":"category","embeddable":true,"href":"https:\/\/panoramatv.com.do\/index.php\/wp-json\/wp\/v2\/categories?post=19530"},{"taxonomy":"post_tag","embeddable":true,"href":"https:\/\/panoramatv.com.do\/index.php\/wp-json\/wp\/v2\/tags?post=19530"}],"curies":[{"name":"wp","href":"https:\/\/api.w.org\/{rel}","templated":true}]}}