{"id":19527,"date":"2026-04-27T07:58:01","date_gmt":"2026-04-27T11:58:01","guid":{"rendered":"https:\/\/panoramatv.com.do\/?p=19527"},"modified":"2026-04-27T07:58:03","modified_gmt":"2026-04-27T11:58:03","slug":"david-collado-deja-iniciada-construccion-plaza-de-vendedores-en-playa-teco-de-maimon-puerto-plata","status":"publish","type":"post","link":"https:\/\/panoramatv.com.do\/index.php\/2026\/04\/27\/david-collado-deja-iniciada-construccion-plaza-de-vendedores-en-playa-teco-de-maimon-puerto-plata\/","title":{"rendered":"David Collado deja iniciada construcci\u00f3n plaza de vendedores en playa Teco de Maim\u00f3n, Puerto Plata."},"content":{"rendered":"\n<p><strong>Maim\u00f3n, Puerto Plata. &#8211;<\/strong>&nbsp;El ministro de Turismo, David Collado, dej\u00f3 iniciado este domingo los trabajos de construcci\u00f3n de la plaza de vendedores en playa Teco, con una inversi\u00f3n de RD$193.533,136.<\/p>\n\n\n\n<p>La obra, que tendr\u00e1 un gran impacto en el turismo de la provincia y es parte de las acciones del MITUR de recuperar y embellecer los entornos de las playas y frentes marinos.<\/p>\n\n\n\n<p>La nueva plaza llega a completar la inversi\u00f3n realizada con la nueva v\u00eda, de 3.60 kil\u00f3metros inaugurada el pasado a\u00f1o, como un corredor tur\u00edstico integral que culminar\u00e1 en una playa moderna, debidamente equipada, a la altura de un destino tur\u00edstico de clase mundial.<\/p>\n\n\n\n<p>El ministro Collado, quien estuvo acompa\u00f1ado de autoridades provinciales y municipales valor\u00f3 la importancia de la obra y su impacto econ\u00f3mico en Maim\u00f3n y toda la zona.<\/p>\n\n\n\n<p>\u00abHoy volvemos aqu\u00ed, a Maim\u00f3n, luego de intervenir las v\u00edas de acceso a playa Teco, para dejar iniciados los trabajos de construcci\u00f3n de la Plaza de Vendedores, cumpliendo as\u00ed, con nuestra promesa\u00bb, proclam\u00f3 el ministro Collado.<\/p>\n\n\n\n<p>El proyecto contempla dos intervenciones principales en un \u00e1rea de 11,750 metros cuadrado: mejora de la v\u00eda de acceso y adecuaci\u00f3n integral de la plaza, donde se ejecutar\u00e1n trabajos de demolici\u00f3n de estructuras existentes, movimiento de tierra y pavimentaci\u00f3n; la construcci\u00f3n de m\u00f3dulos comerciales destinados a bar, servicios sanitarios y artesan\u00edas.<\/p>\n\n\n<div class=\"wp-block-image\">\n<figure class=\"aligncenter size-full\"><img loading=\"lazy\" decoding=\"async\" width=\"1395\" height=\"839\" src=\"https:\/\/images.panoramatv.com.do\/wp-content\/uploads\/2026\/04\/90.jpg\" alt=\"\" class=\"wp-image-19528\"\/><figcaption class=\"wp-element-caption\">David Collado deja iniciada construcci\u00f3n plaza de vendedores en playa Teco de Maim\u00f3n, Puerto Plata.<\/figcaption><\/figure>\n<\/div>","protected":false},"excerpt":{"rendered":"<p>Maim\u00f3n, Puerto Plata. &#8211;&nbsp;El ministro de Turismo, David Collado, dej\u00f3 iniciado este domingo los trabajos de construcci\u00f3n de la plaza de vendedores en playa Teco, con una inversi\u00f3n de RD$193.533,136. La obra, que tendr\u00e1 un gran impacto en el turismo de la provincia y es parte de las acciones del MITUR de recuperar y embellecer [&hellip;]<\/p>\n","protected":false},"author":1,"featured_media":19528,"comment_status":"open","ping_status":"open","sticky":false,"template":"","format":"standard","meta":{"_jetpack_memberships_contains_paid_content":false,"footnotes":"","jetpack_publicize_message":"","jetpack_publicize_feature_enabled":true,"jetpack_social_post_already_shared":true,"jetpack_social_options":{"image_generator_settings":{"template":"highway","enabled":false}}},"categories":[44],"tags":[77],"class_list":["post-19527","post","type-post","status-publish","format-standard","has-post-thumbnail","hentry","category-panorama-turistico","tag-turismo"],"jetpack_publicize_connections":[],"jetpack_sharing_enabled":true,"jetpack_featured_media_url":"https:\/\/images.panoramatv.com.do\/wp-content\/uploads\/2026\/04\/90.jpg","jetpack_likes_enabled":true,"jetpack-related-posts":[],"_links":{"self":[{"href":"https:\/\/panoramatv.com.do\/index.php\/wp-json\/wp\/v2\/posts\/19527","targetHints":{"allow":["GET"]}}],"collection":[{"href":"https:\/\/panoramatv.com.do\/index.php\/wp-json\/wp\/v2\/posts"}],"about":[{"href":"https:\/\/panoramatv.com.do\/index.php\/wp-json\/wp\/v2\/types\/post"}],"author":[{"embeddable":true,"href":"https:\/\/panoramatv.com.do\/index.php\/wp-json\/wp\/v2\/users\/1"}],"replies":[{"embeddable":true,"href":"https:\/\/panoramatv.com.do\/index.php\/wp-json\/wp\/v2\/comments?post=19527"}],"version-history":[{"count":1,"href":"https:\/\/panoramatv.com.do\/index.php\/wp-json\/wp\/v2\/posts\/19527\/revisions"}],"predecessor-version":[{"id":19529,"href":"https:\/\/panoramatv.com.do\/index.php\/wp-json\/wp\/v2\/posts\/19527\/revisions\/19529"}],"wp:featuredmedia":[{"embeddable":true,"href":"https:\/\/panoramatv.com.do\/index.php\/wp-json\/wp\/v2\/media\/19528"}],"wp:attachment":[{"href":"https:\/\/panoramatv.com.do\/index.php\/wp-json\/wp\/v2\/media?parent=19527"}],"wp:term":[{"taxonomy":"category","embeddable":true,"href":"https:\/\/panoramatv.com.do\/index.php\/wp-json\/wp\/v2\/categories?post=19527"},{"taxonomy":"post_tag","embeddable":true,"href":"https:\/\/panoramatv.com.do\/index.php\/wp-json\/wp\/v2\/tags?post=19527"}],"curies":[{"name":"wp","href":"https:\/\/api.w.org\/{rel}","templated":true}]}}