{"id":19300,"date":"2026-03-26T09:03:18","date_gmt":"2026-03-26T13:03:18","guid":{"rendered":"https:\/\/panoramatv.com.do\/?p=19300"},"modified":"2026-03-26T09:03:20","modified_gmt":"2026-03-26T13:03:20","slug":"camara-de-diputados-posiciona-a-rd-como-hub-del-dialogo-parlamentario-en-latinoamerica-y-el-caribe","status":"publish","type":"post","link":"https:\/\/panoramatv.com.do\/index.php\/2026\/03\/26\/camara-de-diputados-posiciona-a-rd-como-hub-del-dialogo-parlamentario-en-latinoamerica-y-el-caribe\/","title":{"rendered":"C\u00e1mara de Diputados posiciona a RD como hub del di\u00e1logo parlamentario en Latinoam\u00e9rica y el Caribe"},"content":{"rendered":"\n<p>Santo Domingo.\u2013 La C\u00e1mara de Diputados de la Rep\u00fablica Dominicana ser\u00e1 anfitriona de la reuni\u00f3n del Foro de Presidentes de Parlamentos de Centroam\u00e9rica, la Cuenca del Caribe y M\u00e9xico (FOPREL), un importante espacio de di\u00e1logo regional que re\u00fane a los principales l\u00edderes legislativos del \u00e1rea.<\/p>\n\n\n\n<p>En el marco de este encuentro, el presidente de la C\u00e1mara de Representantes de Puerto Rico, Carlos M\u00e9ndez, asumir\u00e1 la presidencia pro tempore del organismo, mientras que el presidente de la C\u00e1mara de Diputados de la Rep\u00fablica Dominicana, Alfredo Pacheco, asumir\u00e1 la vicepresidencia.<\/p>\n\n\n\n<p>El encuentro se celebrar\u00e1 el pr\u00f3ximo mi\u00e9rcoles 25 de marzo, a las 10:00 de la ma\u00f1ana, en el Sal\u00f3n de la Asamblea del Congreso Nacional, consolidando a la Rep\u00fablica Dominicana como un punto de convergencia para el fortalecimiento del di\u00e1logo parlamentario y la cooperaci\u00f3n regional.<\/p>\n\n\n\n<p>Durante la jornada se abordar\u00e1n temas de alta relevancia para la regi\u00f3n, entre ellos: la inteligencia artificial aplicada a la justicia y la seguridad, la seguridad alimentaria y nutricional, el combate al crimen organizado y la corrupci\u00f3n, la cooperaci\u00f3n internacional, el impacto de las drogas sint\u00e9ticas y nuevas sustancias psicoactivas, as\u00ed como el fortalecimiento institucional del foro parlamentario y las acciones de diplomacia parlamentaria.<\/p>\n\n\n\n<p>El presidente de la C\u00e1mara de Diputados, Alfredo Pacheco, destac\u00f3 que \u201ceste encuentro reafirma el compromiso de la Rep\u00fablica Dominicana con la integraci\u00f3n regional y el fortalecimiento de los parlamentos como pilares de la democracia, promoviendo soluciones conjuntas a los desaf\u00edos que enfrentan nuestros pa\u00edses\u201d.<\/p>\n\n\n<div class=\"wp-block-image\">\n<figure class=\"aligncenter size-large\"><img loading=\"lazy\" decoding=\"async\" width=\"1024\" height=\"683\" src=\"https:\/\/images.panoramatv.com.do\/wp-content\/uploads\/2026\/03\/64-1-1024x683.jpg\" alt=\"\" class=\"wp-image-19302\" srcset=\"https:\/\/images.panoramatv.com.do\/wp-content\/uploads\/2026\/03\/64-1-1024x683.jpg 1024w, https:\/\/images.panoramatv.com.do\/wp-content\/uploads\/2026\/03\/64-1-300x200.jpg 300w, https:\/\/images.panoramatv.com.do\/wp-content\/uploads\/2026\/03\/64-1-768x512.jpg 768w, https:\/\/images.panoramatv.com.do\/wp-content\/uploads\/2026\/03\/64-1-1536x1024.jpg 1536w, https:\/\/images.panoramatv.com.do\/wp-content\/uploads\/2026\/03\/64-1-2048x1365.jpg 2048w, https:\/\/images.panoramatv.com.do\/wp-content\/uploads\/2026\/03\/64-1-750x500.jpg 750w, https:\/\/images.panoramatv.com.do\/wp-content\/uploads\/2026\/03\/64-1-1140x760.jpg 1140w, https:\/\/images.panoramatv.com.do\/wp-content\/uploads\/2026\/03\/64-1-scaled.jpg 2560w\" sizes=\"auto, (max-width: 1024px) 100vw, 1024px\" \/><figcaption class=\"wp-element-caption\">C\u00e1mara de Diputados posiciona a RD como hub del di\u00e1logo parlamentario en Latinoam\u00e9rica y el Caribe<\/figcaption><\/figure>\n<\/div>\n\n\n<p><\/p>\n","protected":false},"excerpt":{"rendered":"<p>Santo Domingo.\u2013 La C\u00e1mara de Diputados de la Rep\u00fablica Dominicana ser\u00e1 anfitriona de la reuni\u00f3n del Foro de Presidentes de Parlamentos de Centroam\u00e9rica, la Cuenca del Caribe y M\u00e9xico (FOPREL), un importante espacio de di\u00e1logo regional que re\u00fane a los principales l\u00edderes legislativos del \u00e1rea. En el marco de este encuentro, el presidente de la [&hellip;]<\/p>\n","protected":false},"author":1,"featured_media":19301,"comment_status":"open","ping_status":"open","sticky":false,"template":"","format":"standard","meta":{"_jetpack_memberships_contains_paid_content":false,"footnotes":"","jetpack_publicize_message":"","jetpack_publicize_feature_enabled":true,"jetpack_social_post_already_shared":true,"jetpack_social_options":{"image_generator_settings":{"template":"highway","enabled":false}}},"categories":[1],"tags":[759],"class_list":["post-19300","post","type-post","status-publish","format-standard","has-post-thumbnail","hentry","category-actualidad","tag-camara-de-diputados"],"jetpack_publicize_connections":[],"jetpack_sharing_enabled":true,"jetpack_featured_media_url":"https:\/\/images.panoramatv.com.do\/wp-content\/uploads\/2026\/03\/64-scaled.jpg","jetpack_likes_enabled":true,"jetpack-related-posts":[],"_links":{"self":[{"href":"https:\/\/panoramatv.com.do\/index.php\/wp-json\/wp\/v2\/posts\/19300","targetHints":{"allow":["GET"]}}],"collection":[{"href":"https:\/\/panoramatv.com.do\/index.php\/wp-json\/wp\/v2\/posts"}],"about":[{"href":"https:\/\/panoramatv.com.do\/index.php\/wp-json\/wp\/v2\/types\/post"}],"author":[{"embeddable":true,"href":"https:\/\/panoramatv.com.do\/index.php\/wp-json\/wp\/v2\/users\/1"}],"replies":[{"embeddable":true,"href":"https:\/\/panoramatv.com.do\/index.php\/wp-json\/wp\/v2\/comments?post=19300"}],"version-history":[{"count":1,"href":"https:\/\/panoramatv.com.do\/index.php\/wp-json\/wp\/v2\/posts\/19300\/revisions"}],"predecessor-version":[{"id":19303,"href":"https:\/\/panoramatv.com.do\/index.php\/wp-json\/wp\/v2\/posts\/19300\/revisions\/19303"}],"wp:featuredmedia":[{"embeddable":true,"href":"https:\/\/panoramatv.com.do\/index.php\/wp-json\/wp\/v2\/media\/19301"}],"wp:attachment":[{"href":"https:\/\/panoramatv.com.do\/index.php\/wp-json\/wp\/v2\/media?parent=19300"}],"wp:term":[{"taxonomy":"category","embeddable":true,"href":"https:\/\/panoramatv.com.do\/index.php\/wp-json\/wp\/v2\/categories?post=19300"},{"taxonomy":"post_tag","embeddable":true,"href":"https:\/\/panoramatv.com.do\/index.php\/wp-json\/wp\/v2\/tags?post=19300"}],"curies":[{"name":"wp","href":"https:\/\/api.w.org\/{rel}","templated":true}]}}