{"id":19293,"date":"2026-03-26T08:57:12","date_gmt":"2026-03-26T12:57:12","guid":{"rendered":"https:\/\/panoramatv.com.do\/?p=19293"},"modified":"2026-03-26T08:57:14","modified_gmt":"2026-03-26T12:57:14","slug":"intrant-restringe-vehiculos-pesados-durante-semana-santa-2026-para-reforzar-la-seguridad-vial","status":"publish","type":"post","link":"https:\/\/panoramatv.com.do\/index.php\/2026\/03\/26\/intrant-restringe-vehiculos-pesados-durante-semana-santa-2026-para-reforzar-la-seguridad-vial\/","title":{"rendered":"INTRANT restringe veh\u00edculos pesados durante Semana Santa 2026 para reforzar la seguridad vial"},"content":{"rendered":"\n<p>El Instituto Nacional de Tr\u00e1nsito y Transporte Terrestre (INTRANT) inform\u00f3 la implementaci\u00f3n de medidas especiales de regulaci\u00f3n del tr\u00e1nsito de veh\u00edculos de carga a nivel nacional, con motivo del asueto de Semana Santa 2026, con el objetivo de preservar la seguridad vial y reducir riesgos en las carreteras del pa\u00eds.<\/p>\n\n\n\n<p>La disposici\u00f3n establece la prohibici\u00f3n de circulaci\u00f3n de veh\u00edculos de carga en todo el territorio nacional, incluyendo aquellos con permisos de la Zona de Acceso Restringido (ZAR), desde el jueves 2 de abril a las 6:00 de la ma\u00f1ana hasta el lunes 6 de abril a las 5:00 de la ma\u00f1ana, conforme a la resoluci\u00f3n administrativa N\u00fam. 005-2026.<\/p>\n\n\n\n<p>El INTRANT explic\u00f3 que, de manera excepcional, se otorgar\u00e1n permisos especiales para el transporte de mercanc\u00edas prioritarias o perecederas, tales como combustibles, agua envasada, alimentos, medicamentos, equipos m\u00e9dicos, desechos hospitalarios, entre otros bienes esenciales para la poblaci\u00f3n.<\/p>\n\n\n\n<p>Asimismo, la instituci\u00f3n precis\u00f3 que no ser\u00e1n autorizadas cargas especiales, incluyendo camiones con doble remolque, cargas sobredimensionadas o con sobrepeso, en aras de garantizar una movilidad m\u00e1s segura durante el per\u00edodo.<\/p>\n\n\n\n<p>Quedan exceptuados de esta restricci\u00f3n veh\u00edculos de emergencia, ambulancias, unidades de servicios b\u00e1sicos como electricidad, telecomunicaciones, saneamiento, mantenimiento vial, as\u00ed como camionetas y furgonetas destinadas a servicios esenciales.<\/p>\n\n\n\n<p>El INTRANT record\u00f3 que el incumplimiento de esta medida ser\u00e1 sancionado con multas equivalentes a un salario m\u00ednimo del sector p\u00fablico descentralizado, conforme a lo establecido en la Ley 63-17 y el Reglamento 258-20 sobre transporte de cargas.<\/p>\n\n\n\n<figure class=\"wp-block-image size-full\"><img loading=\"lazy\" decoding=\"async\" width=\"1342\" height=\"894\" src=\"https:\/\/images.panoramatv.com.do\/wp-content\/uploads\/2026\/03\/60.jpg\" alt=\"\" class=\"wp-image-19294\"\/><\/figure>\n\n\n\n<figure class=\"wp-block-image size-full\"><img loading=\"lazy\" decoding=\"async\" width=\"1280\" height=\"854\" src=\"https:\/\/images.panoramatv.com.do\/wp-content\/uploads\/2026\/03\/61.jpg\" alt=\"\" class=\"wp-image-19295\"\/><\/figure>\n","protected":false},"excerpt":{"rendered":"<p>El Instituto Nacional de Tr\u00e1nsito y Transporte Terrestre (INTRANT) inform\u00f3 la implementaci\u00f3n de medidas especiales de regulaci\u00f3n del tr\u00e1nsito de veh\u00edculos de carga a nivel nacional, con motivo del asueto de Semana Santa 2026, con el objetivo de preservar la seguridad vial y reducir riesgos en las carreteras del pa\u00eds. La disposici\u00f3n establece la prohibici\u00f3n [&hellip;]<\/p>\n","protected":false},"author":1,"featured_media":19295,"comment_status":"open","ping_status":"open","sticky":false,"template":"","format":"standard","meta":{"_jetpack_memberships_contains_paid_content":false,"footnotes":"","jetpack_publicize_message":"","jetpack_publicize_feature_enabled":true,"jetpack_social_post_already_shared":true,"jetpack_social_options":{"image_generator_settings":{"template":"highway","enabled":false}}},"categories":[1],"tags":[92],"class_list":["post-19293","post","type-post","status-publish","format-standard","has-post-thumbnail","hentry","category-actualidad","tag-intrant"],"jetpack_publicize_connections":[],"jetpack_sharing_enabled":true,"jetpack_featured_media_url":"https:\/\/images.panoramatv.com.do\/wp-content\/uploads\/2026\/03\/61.jpg","jetpack_likes_enabled":true,"jetpack-related-posts":[],"_links":{"self":[{"href":"https:\/\/panoramatv.com.do\/index.php\/wp-json\/wp\/v2\/posts\/19293","targetHints":{"allow":["GET"]}}],"collection":[{"href":"https:\/\/panoramatv.com.do\/index.php\/wp-json\/wp\/v2\/posts"}],"about":[{"href":"https:\/\/panoramatv.com.do\/index.php\/wp-json\/wp\/v2\/types\/post"}],"author":[{"embeddable":true,"href":"https:\/\/panoramatv.com.do\/index.php\/wp-json\/wp\/v2\/users\/1"}],"replies":[{"embeddable":true,"href":"https:\/\/panoramatv.com.do\/index.php\/wp-json\/wp\/v2\/comments?post=19293"}],"version-history":[{"count":1,"href":"https:\/\/panoramatv.com.do\/index.php\/wp-json\/wp\/v2\/posts\/19293\/revisions"}],"predecessor-version":[{"id":19296,"href":"https:\/\/panoramatv.com.do\/index.php\/wp-json\/wp\/v2\/posts\/19293\/revisions\/19296"}],"wp:featuredmedia":[{"embeddable":true,"href":"https:\/\/panoramatv.com.do\/index.php\/wp-json\/wp\/v2\/media\/19295"}],"wp:attachment":[{"href":"https:\/\/panoramatv.com.do\/index.php\/wp-json\/wp\/v2\/media?parent=19293"}],"wp:term":[{"taxonomy":"category","embeddable":true,"href":"https:\/\/panoramatv.com.do\/index.php\/wp-json\/wp\/v2\/categories?post=19293"},{"taxonomy":"post_tag","embeddable":true,"href":"https:\/\/panoramatv.com.do\/index.php\/wp-json\/wp\/v2\/tags?post=19293"}],"curies":[{"name":"wp","href":"https:\/\/api.w.org\/{rel}","templated":true}]}}