{"id":19039,"date":"2026-03-17T11:28:33","date_gmt":"2026-03-17T15:28:33","guid":{"rendered":"https:\/\/panoramatv.com.do\/?p=19039"},"modified":"2026-03-17T11:28:53","modified_gmt":"2026-03-17T15:28:53","slug":"empresarios-construiran-boulevard-turistico-la-otra-banda-en-conexion-con-autovia-del-coral","status":"publish","type":"post","link":"https:\/\/panoramatv.com.do\/index.php\/2026\/03\/17\/empresarios-construiran-boulevard-turistico-la-otra-banda-en-conexion-con-autovia-del-coral\/","title":{"rendered":"Empresarios construir\u00e1n Boulevard Tur\u00edstico La Otra Banda en conexi\u00f3n con Autov\u00eda del Coral"},"content":{"rendered":"\n<p>LA OTRA BANDA, RD \u2013 Empresarios Tur\u00edsticos de La Altagracia y autoridades municipales preparan el primer picazo del Boulevard Tur\u00edstico La Otra Band en conexi\u00f3n con la Autov\u00eda del Coral, el viernes 20 de marzo, una obra vial de cuatro carriles llamada a convertirse en un eje clave para la movilidad en la provincia La Altagracia.<\/p>\n\n\n\n<p>La nueva v\u00eda conectar\u00e1 directamente la Autov\u00eda del Coral con la Circunvalaci\u00f3n de Ver\u00f3n\u2013Punta Cana y la carretera La Otra Banda Veron, lo que permitir\u00eda reducir de forma significativa los tiempos de traslado entre comunidades y zonas tur\u00edsticas que diariamente movilizan a miles de residentes y visitantes.<\/p>\n\n\n\n<p>El proyecto es impulsado por ADITOP y el Ayuntamiento de La Otra Banda, con la colaboraci\u00f3n de la Alianza Empresarial Tur\u00edstica de La Altagracia (ALETA). La iniciativa representa una inversi\u00f3n de alto impacto destinada a fortalecer la log\u00edstica regional, mejorar el acceso a polos tur\u00edsticos y elevar la calidad de vida en toda La zona tur\u00edstica de La Otra Banda y todo Ver\u00f3n\u2013Punta Cana y sus comunidades cercanas.<\/p>\n\n\n<div class=\"wp-block-image\">\n<figure class=\"aligncenter size-full\"><img loading=\"lazy\" decoding=\"async\" width=\"1536\" height=\"1024\" src=\"https:\/\/images.panoramatv.com.do\/wp-content\/uploads\/2026\/03\/06978e9a-534f-4a0d-a399-1a0698503356.jpg\" alt=\"\" class=\"wp-image-19040\"\/><\/figure>\n<\/div>","protected":false},"excerpt":{"rendered":"<p>LA OTRA BANDA, RD \u2013 Empresarios Tur\u00edsticos de La Altagracia y autoridades municipales preparan el primer picazo del Boulevard Tur\u00edstico La Otra Band en conexi\u00f3n con la Autov\u00eda del Coral, el viernes 20 de marzo, una obra vial de cuatro carriles llamada a convertirse en un eje clave para la movilidad en la provincia La [&hellip;]<\/p>\n","protected":false},"author":1,"featured_media":19040,"comment_status":"open","ping_status":"open","sticky":false,"template":"","format":"standard","meta":{"_jetpack_memberships_contains_paid_content":false,"footnotes":"","jetpack_publicize_message":"","jetpack_publicize_feature_enabled":true,"jetpack_social_post_already_shared":true,"jetpack_social_options":{"image_generator_settings":{"template":"highway","enabled":false}}},"categories":[44],"tags":[3640],"class_list":["post-19039","post","type-post","status-publish","format-standard","has-post-thumbnail","hentry","category-panorama-turistico","tag-turistico-la-otra-banda"],"jetpack_publicize_connections":[],"jetpack_sharing_enabled":true,"jetpack_featured_media_url":"https:\/\/images.panoramatv.com.do\/wp-content\/uploads\/2026\/03\/06978e9a-534f-4a0d-a399-1a0698503356.jpg","jetpack_likes_enabled":true,"jetpack-related-posts":[],"_links":{"self":[{"href":"https:\/\/panoramatv.com.do\/index.php\/wp-json\/wp\/v2\/posts\/19039","targetHints":{"allow":["GET"]}}],"collection":[{"href":"https:\/\/panoramatv.com.do\/index.php\/wp-json\/wp\/v2\/posts"}],"about":[{"href":"https:\/\/panoramatv.com.do\/index.php\/wp-json\/wp\/v2\/types\/post"}],"author":[{"embeddable":true,"href":"https:\/\/panoramatv.com.do\/index.php\/wp-json\/wp\/v2\/users\/1"}],"replies":[{"embeddable":true,"href":"https:\/\/panoramatv.com.do\/index.php\/wp-json\/wp\/v2\/comments?post=19039"}],"version-history":[{"count":1,"href":"https:\/\/panoramatv.com.do\/index.php\/wp-json\/wp\/v2\/posts\/19039\/revisions"}],"predecessor-version":[{"id":19041,"href":"https:\/\/panoramatv.com.do\/index.php\/wp-json\/wp\/v2\/posts\/19039\/revisions\/19041"}],"wp:featuredmedia":[{"embeddable":true,"href":"https:\/\/panoramatv.com.do\/index.php\/wp-json\/wp\/v2\/media\/19040"}],"wp:attachment":[{"href":"https:\/\/panoramatv.com.do\/index.php\/wp-json\/wp\/v2\/media?parent=19039"}],"wp:term":[{"taxonomy":"category","embeddable":true,"href":"https:\/\/panoramatv.com.do\/index.php\/wp-json\/wp\/v2\/categories?post=19039"},{"taxonomy":"post_tag","embeddable":true,"href":"https:\/\/panoramatv.com.do\/index.php\/wp-json\/wp\/v2\/tags?post=19039"}],"curies":[{"name":"wp","href":"https:\/\/api.w.org\/{rel}","templated":true}]}}