{"id":19024,"date":"2026-03-17T11:23:47","date_gmt":"2026-03-17T15:23:47","guid":{"rendered":"https:\/\/panoramatv.com.do\/?p=19024"},"modified":"2026-03-17T11:24:27","modified_gmt":"2026-03-17T15:24:27","slug":"jce-anuncia-horarios-y-centros-cedulacion-para-entrega-de-la-nueva-cedula-a-partir-del-12-de-abril","status":"publish","type":"post","link":"https:\/\/panoramatv.com.do\/index.php\/2026\/03\/17\/jce-anuncia-horarios-y-centros-cedulacion-para-entrega-de-la-nueva-cedula-a-partir-del-12-de-abril\/","title":{"rendered":"JCE anuncia horarios y centros cedulaci\u00f3n para entrega de la nueva c\u00e9dula a partir del 12 de abril"},"content":{"rendered":"\n<p>SANTO DOMINGO \u2013 La Junta Central Electoral (JCE) inform\u00f3 a toda la ciudadan\u00eda que para garantizar un proceso ordenado y eficiente de cara a la emisi\u00f3n de la c\u00e9dula de identidad y electoral y c\u00e9dula de identidad, a partir del 12 de abril del presente a\u00f1o se habilitar\u00e1 una red de m\u00e1s de 190 centros de cedulaci\u00f3n en todo el pa\u00eds, organizados en tres modalidades de servicio: c\ud835\udc1e\ud835\udc27\ud835\udc2d\ud835\udc2b\ud835\udc28\ud835\udc2c de servicio \ud835\udc1e\ud835\udc2c\ud835\udc2d\ud835\udc1a\u0301\ud835\udc27\ud835\udc1d\ud835\udc1a\ud835\udc2b (153), c\ud835\udc1e\ud835\udc27\ud835\udc2d\ud835\udc2b\ud835\udc28\ud835\udc2c \ud835\udc1d\ud835\udc1e \ud835\udc1a\ud835\udc25\ud835\udc2d\ud835\udc28 \ud835\udc2c\ud835\udc1e\ud835\udc2b\ud835\udc2f\ud835\udc22\ud835\udc1c\ud835\udc22\ud835\udc28 (32), c\ud835\udc1e\ud835\udc27\ud835\udc2d\ud835\udc2b\ud835\udc28\ud835\udc2c \ud835\udc1d\ud835\udc1e \ud835\udc2c\ud835\udc1e\ud835\udc2b\ud835\udc2f\ud835\udc22\ud835\udc1c\ud835\udc22\ud835\udc28 \ud835\udc1c\ud835\udc28\ud835\udc27\ud835\udc2d\ud835\udc22\ud835\udc27\ud835\udc2e\ud835\udc28 (8).<\/p>\n\n\n\n<p>J\u00e1quez Liranzo explic\u00f3 que en el caso de los \u00abcentros est\u00e1ndar\u00bb, estos operar\u00e1n de 08:00 de la ma\u00f1ana a 07:00 de la noche de lunes a viernes; los s\u00e1bados y domingos de 08:00 de la ma\u00f1ana a 05:00 de la tarde.<\/p>\n\n\n\n<p>En tanto que en los 32 centros de alto servicio estar\u00e1n distribuidos en municipios cabecera de provincias, los cuales ofrecer\u00e1n atenci\u00f3n de lunes a viernes de 8:00 a. m. a 9:00 p. m.; s\u00e1bados de 8:00 a. m. a 7:00 p. m., y domingos y feriados de 8:00 a. m. a 5:00 p. m.<\/p>\n\n\n\n<p>Manifest\u00f3 que en el caso de los \u00abcentros de servicio continuo\u00bb, estos operar\u00e1n las 24 horas y funcionar\u00e1n en La Feria, Las Am\u00e9ricas, Herrera, San Crist\u00f3bal, Santiago de los Caballeros, La Vega, La Romana y Barahona.<\/p>\n\n\n\n<p>Los \u00abcentros continuos\u00bb atender\u00e1n de lunes a viernes, fines de semana y d\u00edas feriados en el siguiente horario y con las siguientes especificaciones: por mes de cumplea\u00f1os se atender\u00e1 a ciudadanos y ciudadanas de 7:00 a. m. a 11:00 p. m.; y sin distinci\u00f3n del mes de cumplea\u00f1os se atender\u00e1 a la ciudadan\u00eda con cita previa en horario de 11:00 p. m. a 7:00 a. m.<\/p>\n\n\n\n<p>Como dato a tomar en cuenta, el presidente de la JCE explic\u00f3 que los \u00fanicos centros que requerir\u00e1n cita previa son los centros continuos, solamente en el horario de 11:00 de la noche a 07:00 de la ma\u00f1ana; y las plazas comerciales (\u00c1gora Mall, Occidental Mall, Galer\u00eda 360, Megacentro, Bella Vista Mall, Plaza Central, entre otras) de lunes a viernes de 9:00 a. m. a 9:00 p. m., s\u00e1bados de 9:00 a. m. a 7:00 p. m., domingos y feriados 10:00 a. m. a 2:00 p. m.<\/p>\n\n\n\n<p>Indic\u00f3 adem\u00e1s que el proceso de captura de datos biom\u00e9tricos y personales puede tomar de 10 a 15 minutos; posteriormente, la informaci\u00f3n pasa a las \u00e1reas internas correspondientes para su procesamiento. En los casos en los que se soliciten cambios de direcci\u00f3n, de estado civil, ocupaci\u00f3n u oficio, agregar tipo de sangre, alergias, entre otros; el tiempo de procesamiento puede aumentar, ya que requiere verificaciones adicionales. Cuando no se realizan cambios, el proceso es \u00e1gil.<\/p>\n\n\n\n<p>Asimismo, inform\u00f3 que los ciudadanos y ciudadanas podr\u00e1n renovar su c\u00e9dula en cualquier centro de cedulaci\u00f3n del pa\u00eds, sin importar su lugar de residencia.<\/p>\n\n\n\n<p>Anunci\u00f3 que en la Sede Central de la JCE se habilitar\u00e1 en el auditorio un \ud835\udc1c\ud835\udc1e\ud835\udc27\ud835\udc2d\ud835\udc2b\ud835\udc28 \ud835\udc1e\ud835\udc2c\ud835\udc29\ud835\udc1e\ud835\udc1c\ud835\udc22\ud835\udc1a\ud835\udc25 \ud835\udc1d\ud835\udc1e \ud835\udc1c\ud835\udc1e\ud835\udc1d\ud835\udc2e\ud835\udc25\ud835\udc1a\ud835\udc1c\ud835\udc22\ud835\udc28\u0301\ud835\udc27 \ud835\udc29\ud835\udc1a\ud835\udc2b\ud835\udc1a \ud835\udc29\ud835\udc1e\ud835\udc2b\ud835\udc2c\ud835\udc28\ud835\udc27\ud835\udc1a\ud835\udc2c \ud835\udc1c\ud835\udc28\ud835\udc27 \ud835\udc1d\ud835\udc22\ud835\udc2c\ud835\udc1c\ud835\udc1a\ud835\udc29\ud835\udc1a\ud835\udc1c\ud835\udc22\ud835\udc1d\ud835\udc1a\ud835\udc1d, en coordinaci\u00f3n con el Consejo Nacional de la Discapacidad, el cual funcionar\u00e1 mediante citas previas.<\/p>\n\n\n\n<p>El proceso de la nueva c\u00e9dula se divide en dos etapas: la primera, que se desarrolla en el primer trimestre de este a\u00f1o 2026 y que finaliza ahora en marzo, es controlada, limitada y progresiva; mientras que la segunda etapa inicia el 12 de abril con la ejecuci\u00f3n plena de la cedulaci\u00f3n masiva en territorio nacional y en mayo iniciar\u00e1 en el exterior.<\/p>\n\n\n<div class=\"wp-block-image\">\n<figure class=\"aligncenter size-full\"><img loading=\"lazy\" decoding=\"async\" width=\"1600\" height=\"1460\" src=\"https:\/\/images.panoramatv.com.do\/wp-content\/uploads\/2026\/03\/37bec7f1-ba72-47aa-906d-9919b74360b3.jpg\" alt=\"\" class=\"wp-image-19025\"\/><\/figure>\n<\/div>","protected":false},"excerpt":{"rendered":"<p>SANTO DOMINGO \u2013 La Junta Central Electoral (JCE) inform\u00f3 a toda la ciudadan\u00eda que para garantizar un proceso ordenado y eficiente de cara a la emisi\u00f3n de la c\u00e9dula de identidad y electoral y c\u00e9dula de identidad, a partir del 12 de abril del presente a\u00f1o se habilitar\u00e1 una red de m\u00e1s de 190 centros [&hellip;]<\/p>\n","protected":false},"author":1,"featured_media":19025,"comment_status":"open","ping_status":"open","sticky":false,"template":"","format":"standard","meta":{"_jetpack_memberships_contains_paid_content":false,"footnotes":"","jetpack_publicize_message":"","jetpack_publicize_feature_enabled":true,"jetpack_social_post_already_shared":true,"jetpack_social_options":{"image_generator_settings":{"template":"highway","enabled":false}}},"categories":[1],"tags":[37],"class_list":["post-19024","post","type-post","status-publish","format-standard","has-post-thumbnail","hentry","category-actualidad","tag-jce"],"jetpack_publicize_connections":[],"jetpack_sharing_enabled":true,"jetpack_featured_media_url":"https:\/\/images.panoramatv.com.do\/wp-content\/uploads\/2026\/03\/37bec7f1-ba72-47aa-906d-9919b74360b3.jpg","jetpack_likes_enabled":true,"jetpack-related-posts":[],"_links":{"self":[{"href":"https:\/\/panoramatv.com.do\/index.php\/wp-json\/wp\/v2\/posts\/19024","targetHints":{"allow":["GET"]}}],"collection":[{"href":"https:\/\/panoramatv.com.do\/index.php\/wp-json\/wp\/v2\/posts"}],"about":[{"href":"https:\/\/panoramatv.com.do\/index.php\/wp-json\/wp\/v2\/types\/post"}],"author":[{"embeddable":true,"href":"https:\/\/panoramatv.com.do\/index.php\/wp-json\/wp\/v2\/users\/1"}],"replies":[{"embeddable":true,"href":"https:\/\/panoramatv.com.do\/index.php\/wp-json\/wp\/v2\/comments?post=19024"}],"version-history":[{"count":1,"href":"https:\/\/panoramatv.com.do\/index.php\/wp-json\/wp\/v2\/posts\/19024\/revisions"}],"predecessor-version":[{"id":19026,"href":"https:\/\/panoramatv.com.do\/index.php\/wp-json\/wp\/v2\/posts\/19024\/revisions\/19026"}],"wp:featuredmedia":[{"embeddable":true,"href":"https:\/\/panoramatv.com.do\/index.php\/wp-json\/wp\/v2\/media\/19025"}],"wp:attachment":[{"href":"https:\/\/panoramatv.com.do\/index.php\/wp-json\/wp\/v2\/media?parent=19024"}],"wp:term":[{"taxonomy":"category","embeddable":true,"href":"https:\/\/panoramatv.com.do\/index.php\/wp-json\/wp\/v2\/categories?post=19024"},{"taxonomy":"post_tag","embeddable":true,"href":"https:\/\/panoramatv.com.do\/index.php\/wp-json\/wp\/v2\/tags?post=19024"}],"curies":[{"name":"wp","href":"https:\/\/api.w.org\/{rel}","templated":true}]}}