{"id":19003,"date":"2026-03-09T08:20:14","date_gmt":"2026-03-09T12:20:14","guid":{"rendered":"https:\/\/panoramatv.com.do\/?p=19003"},"modified":"2026-03-09T08:20:18","modified_gmt":"2026-03-09T12:20:18","slug":"mitur-presenta-plan-turistico-para-pedernales-al-banco-mundial","status":"publish","type":"post","link":"https:\/\/panoramatv.com.do\/index.php\/2026\/03\/09\/mitur-presenta-plan-turistico-para-pedernales-al-banco-mundial\/","title":{"rendered":"MITUR presenta plan tur\u00edstico para Pedernales al Banco Mundial"},"content":{"rendered":"\n<p><strong>Santo Domingo, RD.<\/strong>&nbsp; El viceministro de Cooperaci\u00f3n Internacional del Mitur y director ejecutivo de la Comisi\u00f3n presidencial para el desarrollo tur\u00edstico de Pedernales, Carlos Peguero, realiz\u00f3 una reuni\u00f3n con representantes del Banco Mundial integrada por especialistas del Banco Internacional de Reconstrucci\u00f3n y Fomento (BIRF) y de la Corporaci\u00f3n Financiera Internacional (IFC), en la cual se present\u00f3 el plan integral de la provincia Pedernales y la regi\u00f3n Enriquillo.<\/p>\n\n\n\n<p>Este encuentro refuerza la colaboraci\u00f3n entre el Gobierno dominicano y el Banco Mundial, en el marco de una misi\u00f3n que busca impulsar el desarrollo tur\u00edstico de Cabo Rojo como motor econ\u00f3mico e inclusivo para la regi\u00f3n Enriquillo.<\/p>\n\n\n\n<p>La misi\u00f3n se enmarca en el trabajo colaborativo del Banco Mundial para apoyar el destino tur\u00edstico Cabo Rojo y busca iniciar una asistencia t\u00e9cnica no reembolsable orientada a identificar las inversiones necesarias para que el destino se consolide como un referente de desarrollo regional.<\/p>\n\n\n\n<p>La visita oficial se desarroll\u00f3 con la participaci\u00f3n de especialistas del Banco Internacional de Reconstrucci\u00f3n y Fomento (BIRF) y de la Corporaci\u00f3n Financiera Internacional (IFC).<\/p>\n\n\n\n<p>En el curso del encuentro, el viceministro Peguero, present\u00f3 el plan integral para Pedernales y la regi\u00f3n Enriquillo, estructurado en dos ejes estrat\u00e9gicos, la inversi\u00f3n a trav\u00e9s del Fideicomiso Pro-Pedernales y la implementaci\u00f3n de pol\u00edticas p\u00fablicas orientadas a la sostenibilidad y el bienestar social.<\/p>\n\n\n\n<p>Adem\u00e1s, destac\u00f3 que el proyecto prioriza la mejora de los servicios b\u00e1sicos, el fortalecimiento del capital humano y la generaci\u00f3n de oportunidades para las comunidades locales.<\/p>\n\n\n<div class=\"wp-block-image\">\n<figure class=\"aligncenter size-full\"><img loading=\"lazy\" decoding=\"async\" width=\"1343\" height=\"852\" src=\"https:\/\/images.panoramatv.com.do\/wp-content\/uploads\/2026\/03\/27.jpg\" alt=\"\" class=\"wp-image-19004\"\/><figcaption class=\"wp-element-caption\">MITUR presenta plan tur\u00edstico para Pedernales al Banco Mundial<\/figcaption><\/figure>\n<\/div>","protected":false},"excerpt":{"rendered":"<p>Santo Domingo, RD.&nbsp; El viceministro de Cooperaci\u00f3n Internacional del Mitur y director ejecutivo de la Comisi\u00f3n presidencial para el desarrollo tur\u00edstico de Pedernales, Carlos Peguero, realiz\u00f3 una reuni\u00f3n con representantes del Banco Mundial integrada por especialistas del Banco Internacional de Reconstrucci\u00f3n y Fomento (BIRF) y de la Corporaci\u00f3n Financiera Internacional (IFC), en la cual se [&hellip;]<\/p>\n","protected":false},"author":1,"featured_media":19004,"comment_status":"open","ping_status":"open","sticky":false,"template":"","format":"standard","meta":{"_jetpack_memberships_contains_paid_content":false,"footnotes":"","jetpack_publicize_message":"","jetpack_publicize_feature_enabled":true,"jetpack_social_post_already_shared":true,"jetpack_social_options":{"image_generator_settings":{"template":"highway","enabled":false}}},"categories":[2381],"tags":[77],"class_list":["post-19003","post","type-post","status-publish","format-standard","has-post-thumbnail","hentry","category-turismo-ecologico","tag-turismo"],"jetpack_publicize_connections":[],"jetpack_sharing_enabled":true,"jetpack_featured_media_url":"https:\/\/images.panoramatv.com.do\/wp-content\/uploads\/2026\/03\/27.jpg","jetpack_likes_enabled":true,"jetpack-related-posts":[],"_links":{"self":[{"href":"https:\/\/panoramatv.com.do\/index.php\/wp-json\/wp\/v2\/posts\/19003","targetHints":{"allow":["GET"]}}],"collection":[{"href":"https:\/\/panoramatv.com.do\/index.php\/wp-json\/wp\/v2\/posts"}],"about":[{"href":"https:\/\/panoramatv.com.do\/index.php\/wp-json\/wp\/v2\/types\/post"}],"author":[{"embeddable":true,"href":"https:\/\/panoramatv.com.do\/index.php\/wp-json\/wp\/v2\/users\/1"}],"replies":[{"embeddable":true,"href":"https:\/\/panoramatv.com.do\/index.php\/wp-json\/wp\/v2\/comments?post=19003"}],"version-history":[{"count":1,"href":"https:\/\/panoramatv.com.do\/index.php\/wp-json\/wp\/v2\/posts\/19003\/revisions"}],"predecessor-version":[{"id":19005,"href":"https:\/\/panoramatv.com.do\/index.php\/wp-json\/wp\/v2\/posts\/19003\/revisions\/19005"}],"wp:featuredmedia":[{"embeddable":true,"href":"https:\/\/panoramatv.com.do\/index.php\/wp-json\/wp\/v2\/media\/19004"}],"wp:attachment":[{"href":"https:\/\/panoramatv.com.do\/index.php\/wp-json\/wp\/v2\/media?parent=19003"}],"wp:term":[{"taxonomy":"category","embeddable":true,"href":"https:\/\/panoramatv.com.do\/index.php\/wp-json\/wp\/v2\/categories?post=19003"},{"taxonomy":"post_tag","embeddable":true,"href":"https:\/\/panoramatv.com.do\/index.php\/wp-json\/wp\/v2\/tags?post=19003"}],"curies":[{"name":"wp","href":"https:\/\/api.w.org\/{rel}","templated":true}]}}