{"id":18856,"date":"2026-01-15T16:27:07","date_gmt":"2026-01-15T20:27:07","guid":{"rendered":"https:\/\/panoramatv.com.do\/?p=18856"},"modified":"2026-01-15T16:27:10","modified_gmt":"2026-01-15T20:27:10","slug":"garcia-fermin-resalta-beneficios-del-ingles-por-inmersion-en-el-futuro-de-los-jovenes-dominicanos","status":"publish","type":"post","link":"https:\/\/panoramatv.com.do\/index.php\/2026\/01\/15\/garcia-fermin-resalta-beneficios-del-ingles-por-inmersion-en-el-futuro-de-los-jovenes-dominicanos\/","title":{"rendered":"Garc\u00eda Ferm\u00edn resalta beneficios del ingl\u00e9s por inmersi\u00f3n en el futuro de los j\u00f3venes dominicanos"},"content":{"rendered":"\n<p>SANTO DOMINGO. &#8211; El Ministerio de Educaci\u00f3n Superior, Ciencia y Tecnolog\u00eda (MESCyT), ha dado un paso importante hacia la transformaci\u00f3n educativa en el pa\u00eds con el lanzamiento del programa de ingl\u00e9s por inmersi\u00f3n para la competitividad.<\/p>\n\n\n\n<p>En una ceremonia celebrada en la sede de la Universidad Aut\u00f3noma de Santo Domingo en Tres Tanda, el ministro, doctor Frankkin Garc\u00eda Ferm\u00edn, subray\u00f3 que el programa cambiar\u00e1 la vida de los participantes, quienes contar\u00e1n con una formaci\u00f3n que les abrir\u00e1 puertas tanto en el \u00e1mbito laboral como en el educativo.<\/p>\n\n\n\n<p>\u201cEste programa transformar\u00e1 la vida de ustedes, que son cerca de mil j\u00f3venes que participan aqu\u00ed en la sede, en la ma\u00f1ana, en la tarde y en la tardecita noche\u201d, afirm\u00f3 el titular del MESCyT, quien destac\u00f3 que el esfuerzo no solo se limitar\u00e1 a la sede de Santo Domingo, sino que beneficiar\u00e1 a otros 27 mil j\u00f3venes en todo el territorio nacional, desde Pedernales hasta Hig\u00fcey.<\/p>\n\n\n\n<p>Garc\u00eda Ferm\u00edn enfatiz\u00f3 que el objetivo de esta iniciativa es transformar vidas y brindar oportunidades, extendiendo la capacitaci\u00f3n en ingl\u00e9s a sectores vulnerables: \u201cMil j\u00f3venes van a hablar ingl\u00e9s aqu\u00ed y muchos otros en los barrios m\u00e1s vulnerables del Gran Santo Domingo\u201d, destac\u00f3.<\/p>\n\n\n\n<p>A su vez, el ministro mencion\u00f3 la importancia de este programa para la empleabilidad y las aspiraciones acad\u00e9micas de los j\u00f3venes, quienes podr\u00e1n acceder a becas en universidades extranjeras que requieren el dominio del ingl\u00e9s.<\/p>\n\n\n\n<p>Con una clara visi\u00f3n hacia el futuro, Garc\u00eda Ferm\u00edn inst\u00f3 a los j\u00f3venes a aprovechar esta oportunidad \u00fanica de formarse en una lengua que les brindar\u00e1 mejores perspectivas en el \u00e1mbito global: \u201cLa vida les va a sonre\u00edr\u201d, concluy\u00f3.SANTO DOMINGO. &#8211; El Ministerio de Educaci\u00f3n Superior, Ciencia y Tecnolog\u00eda (MESCyT), ha dado un paso importante hacia la transformaci\u00f3n educativa en el pa\u00eds con el lanzamiento del programa de ingl\u00e9s por inmersi\u00f3n para la competitividad.<\/p>\n\n\n\n<p>En una ceremonia celebrada en la sede de la Universidad Aut\u00f3noma de Santo Domingo en Tres Tanda, el ministro, doctor Frankkin Garc\u00eda Ferm\u00edn, subray\u00f3 que el programa cambiar\u00e1 la vida de los participantes, quienes contar\u00e1n con una formaci\u00f3n que les abrir\u00e1 puertas tanto en el \u00e1mbito laboral como en el educativo.<\/p>\n\n\n\n<p>\u201cEste programa transformar\u00e1 la vida de ustedes, que son cerca de mil j\u00f3venes que participan aqu\u00ed en la sede, en la ma\u00f1ana, en la tarde y en la tardecita noche\u201d, afirm\u00f3 el titular del MESCyT, quien destac\u00f3 que el esfuerzo no solo se limitar\u00e1 a la sede de Santo Domingo, sino que beneficiar\u00e1 a otros 27 mil j\u00f3venes en todo el territorio nacional, desde Pedernales hasta Hig\u00fcey.<\/p>\n\n\n\n<p>Garc\u00eda Ferm\u00edn enfatiz\u00f3 que el objetivo de esta iniciativa es transformar vidas y brindar oportunidades, extendiendo la capacitaci\u00f3n en ingl\u00e9s a sectores vulnerables: \u201cMil j\u00f3venes van a hablar ingl\u00e9s aqu\u00ed y muchos otros en los barrios m\u00e1s vulnerables del Gran Santo Domingo\u201d, destac\u00f3.<\/p>\n\n\n\n<p>A su vez, el ministro mencion\u00f3 la importancia de este programa para la empleabilidad y las aspiraciones acad\u00e9micas de los j\u00f3venes, quienes podr\u00e1n acceder a becas en universidades extranjeras que requieren el dominio del ingl\u00e9s.<\/p>\n\n\n\n<p>Con una clara visi\u00f3n hacia el futuro, Garc\u00eda Ferm\u00edn inst\u00f3 a los j\u00f3venes a aprovechar esta oportunidad \u00fanica de formarse en una lengua que les brindar\u00e1 mejores perspectivas en el \u00e1mbito global: \u201cLa vida les va a sonre\u00edr\u201d, concluy\u00f3.<\/p>\n\n\n\n<figure class=\"wp-block-gallery has-nested-images columns-default is-cropped wp-block-gallery-1 is-layout-flex wp-block-gallery-is-layout-flex\">\n<figure class=\"wp-block-image size-large\"><img loading=\"lazy\" decoding=\"async\" width=\"1600\" height=\"1066\" data-id=\"18857\" src=\"https:\/\/images.panoramatv.com.do\/wp-content\/uploads\/2026\/01\/7b2a8243-ead0-4f6d-b10b-9b93a6176a9f.jpg\" alt=\"\" class=\"wp-image-18857\"\/><\/figure>\n\n\n\n<figure class=\"wp-block-image size-large\"><img loading=\"lazy\" decoding=\"async\" width=\"1600\" height=\"1066\" data-id=\"18858\" src=\"https:\/\/images.panoramatv.com.do\/wp-content\/uploads\/2026\/01\/58fc3297-a4a6-479f-80b4-998095d6ba50.jpg\" alt=\"\" class=\"wp-image-18858\"\/><\/figure>\n<\/figure>\n","protected":false},"excerpt":{"rendered":"<p>SANTO DOMINGO. &#8211; El Ministerio de Educaci\u00f3n Superior, Ciencia y Tecnolog\u00eda (MESCyT), ha dado un paso importante hacia la transformaci\u00f3n educativa en el pa\u00eds con el lanzamiento del programa de ingl\u00e9s por inmersi\u00f3n para la competitividad. En una ceremonia celebrada en la sede de la Universidad Aut\u00f3noma de Santo Domingo en Tres Tanda, el ministro, [&hellip;]<\/p>\n","protected":false},"author":1,"featured_media":18858,"comment_status":"open","ping_status":"open","sticky":false,"template":"","format":"standard","meta":{"_jetpack_memberships_contains_paid_content":false,"footnotes":"","jetpack_publicize_message":"","jetpack_publicize_feature_enabled":true,"jetpack_social_post_already_shared":true,"jetpack_social_options":{"image_generator_settings":{"template":"highway","enabled":false}}},"categories":[2794],"tags":[768],"class_list":["post-18856","post","type-post","status-publish","format-standard","has-post-thumbnail","hentry","category-educacion","tag-mescyt"],"jetpack_publicize_connections":[],"jetpack_sharing_enabled":true,"jetpack_featured_media_url":"https:\/\/images.panoramatv.com.do\/wp-content\/uploads\/2026\/01\/58fc3297-a4a6-479f-80b4-998095d6ba50.jpg","jetpack_likes_enabled":true,"jetpack-related-posts":[],"_links":{"self":[{"href":"https:\/\/panoramatv.com.do\/index.php\/wp-json\/wp\/v2\/posts\/18856","targetHints":{"allow":["GET"]}}],"collection":[{"href":"https:\/\/panoramatv.com.do\/index.php\/wp-json\/wp\/v2\/posts"}],"about":[{"href":"https:\/\/panoramatv.com.do\/index.php\/wp-json\/wp\/v2\/types\/post"}],"author":[{"embeddable":true,"href":"https:\/\/panoramatv.com.do\/index.php\/wp-json\/wp\/v2\/users\/1"}],"replies":[{"embeddable":true,"href":"https:\/\/panoramatv.com.do\/index.php\/wp-json\/wp\/v2\/comments?post=18856"}],"version-history":[{"count":1,"href":"https:\/\/panoramatv.com.do\/index.php\/wp-json\/wp\/v2\/posts\/18856\/revisions"}],"predecessor-version":[{"id":18859,"href":"https:\/\/panoramatv.com.do\/index.php\/wp-json\/wp\/v2\/posts\/18856\/revisions\/18859"}],"wp:featuredmedia":[{"embeddable":true,"href":"https:\/\/panoramatv.com.do\/index.php\/wp-json\/wp\/v2\/media\/18858"}],"wp:attachment":[{"href":"https:\/\/panoramatv.com.do\/index.php\/wp-json\/wp\/v2\/media?parent=18856"}],"wp:term":[{"taxonomy":"category","embeddable":true,"href":"https:\/\/panoramatv.com.do\/index.php\/wp-json\/wp\/v2\/categories?post=18856"},{"taxonomy":"post_tag","embeddable":true,"href":"https:\/\/panoramatv.com.do\/index.php\/wp-json\/wp\/v2\/tags?post=18856"}],"curies":[{"name":"wp","href":"https:\/\/api.w.org\/{rel}","templated":true}]}}