{"id":18760,"date":"2025-12-14T16:21:30","date_gmt":"2025-12-14T20:21:30","guid":{"rendered":"https:\/\/panoramatv.com.do\/?p=18760"},"modified":"2025-12-14T16:21:33","modified_gmt":"2025-12-14T20:21:33","slug":"cumbre-regulatel-2025-inicia-en-republica-dominicana-con-llamado-a-fortalecer-la-inclusion-digital-regional","status":"publish","type":"post","link":"https:\/\/panoramatv.com.do\/index.php\/2025\/12\/14\/cumbre-regulatel-2025-inicia-en-republica-dominicana-con-llamado-a-fortalecer-la-inclusion-digital-regional\/","title":{"rendered":"Cumbre REGULATEL 2025 inicia en Rep\u00fablica Dominicana con llamado a fortalecer la inclusi\u00f3n digital regional"},"content":{"rendered":"\n<p><strong>Punta Cana.-<\/strong>&nbsp;Rep\u00fablica Dominicana inaugur\u00f3 este jueves la Cumbre REGULATEL\u2013ASIET\u2013COMTELCA 2025, un encuentro regional que re\u00fane a reguladores, empresas tecnol\u00f3gicas y organismos internacionales para discutir los desaf\u00edos inmediatos de la transformaci\u00f3n digital y la ciberseguridad en Am\u00e9rica Latina, el Caribe y Europa.<\/p>\n\n\n\n<p>El encuentro internacional, organizado por el Instituto Dominicano de las Telecomunicaciones (Indotel), se realiza durante cuatro d\u00edas, del 9 al 12 de diciembre, en el Hotel Barcel\u00f3 de Punta Cana, y abre un espacio de alto nivel para debatir los temas m\u00e1s relevantes del sector, centrados en la construcci\u00f3n de un ecosistema digital inclusivo, competitivo y sostenible para la regi\u00f3n.<\/p>\n\n\n\n<p>Al dar las palabras centrales del evento, el presidente del Consejo Directivo del Indotel y vicepresidente de Regulatel, Guido G\u00f3mez Mazara, afirm\u00f3 que la regi\u00f3n se encuentra ante un momento decisivo para impulsar pol\u00edticas que garanticen una conectividad universal, significativa y asequible<\/p>\n\n\n\n<p>Se\u00f1al\u00f3 que, aunque la regi\u00f3n ha avanzado en cobertura 4G y 5G, persiste una brecha de uso asociada a la asequibilidad y a las habilidades digitales, por lo que llam\u00f3 a fortalecer pol\u00edticas p\u00fablicas basadas en evidencia y promover alianzas estrat\u00e9gicas que aceleren la inclusi\u00f3n digital.<\/p>\n\n\n\n<p>G\u00f3mez Mazara destac\u00f3 que en Rep\u00fablica Dominicana la conectividad se concibe como un instrumento de inclusi\u00f3n y movilidad social, y que el pa\u00eds ha logrado avances importantes en cobertura 4G y 5G, alcanzando ya al 95 % de la poblaci\u00f3n.&nbsp;<\/p>\n\n\n\n<p>Sin embargo, advirti\u00f3 que \u201cla cifra, por s\u00ed sola, no basta\u201d, al se\u00f1alar que el desaf\u00edo crucial tanto para el pa\u00eds como para la regi\u00f3n es cerrar la brecha de uso, que afecta a millones de personas que viven en zonas con cobertura, pero no pueden aprovechar plenamente los servicios digitales debido a la falta de asequibilidad y de habilidades tecnol\u00f3gicas.<\/p>\n\n\n\n<p>Asimismo, resalt\u00f3 que la agenda de la cumbre aborda temas clave como la mejora regulatoria con enfoque territorial, la regulaci\u00f3n inteligente para 5G, la resiliencia de infraestructuras cr\u00edticas y la cooperaci\u00f3n regional necesaria para impulsar un futuro digital m\u00e1s equitativo e innovador.<\/p>\n\n\n<div class=\"wp-block-image\">\n<figure class=\"aligncenter size-full\"><img loading=\"lazy\" decoding=\"async\" width=\"1601\" height=\"901\" src=\"https:\/\/images.panoramatv.com.do\/wp-content\/uploads\/2025\/12\/13.jpg\" alt=\"\" class=\"wp-image-18761\"\/><figcaption class=\"wp-element-caption\">Cumbre REGULATEL 2025 inicia en Rep\u00fablica Dominicana con llamado a fortalecer la inclusi\u00f3n digital regional<\/figcaption><\/figure><\/div>","protected":false},"excerpt":{"rendered":"<p>Punta Cana.-&nbsp;Rep\u00fablica Dominicana inaugur\u00f3 este jueves la Cumbre REGULATEL\u2013ASIET\u2013COMTELCA 2025, un encuentro regional que re\u00fane a reguladores, empresas tecnol\u00f3gicas y organismos internacionales para discutir los desaf\u00edos inmediatos de la transformaci\u00f3n digital y la ciberseguridad en Am\u00e9rica Latina, el Caribe y Europa. El encuentro internacional, organizado por el Instituto Dominicano de las Telecomunicaciones (Indotel), se realiza [&hellip;]<\/p>\n","protected":false},"author":1,"featured_media":18761,"comment_status":"open","ping_status":"open","sticky":false,"template":"","format":"standard","meta":{"_jetpack_memberships_contains_paid_content":false,"footnotes":"","jetpack_publicize_message":"","jetpack_publicize_feature_enabled":true,"jetpack_social_post_already_shared":true,"jetpack_social_options":{"image_generator_settings":{"template":"highway","enabled":false}}},"categories":[44],"tags":[3630],"class_list":["post-18760","post","type-post","status-publish","format-standard","has-post-thumbnail","hentry","category-panorama-turistico","tag-cumbre-regulatel"],"jetpack_publicize_connections":[],"jetpack_sharing_enabled":true,"jetpack_featured_media_url":"https:\/\/images.panoramatv.com.do\/wp-content\/uploads\/2025\/12\/13.jpg","jetpack_likes_enabled":true,"jetpack-related-posts":[],"_links":{"self":[{"href":"https:\/\/panoramatv.com.do\/index.php\/wp-json\/wp\/v2\/posts\/18760"}],"collection":[{"href":"https:\/\/panoramatv.com.do\/index.php\/wp-json\/wp\/v2\/posts"}],"about":[{"href":"https:\/\/panoramatv.com.do\/index.php\/wp-json\/wp\/v2\/types\/post"}],"author":[{"embeddable":true,"href":"https:\/\/panoramatv.com.do\/index.php\/wp-json\/wp\/v2\/users\/1"}],"replies":[{"embeddable":true,"href":"https:\/\/panoramatv.com.do\/index.php\/wp-json\/wp\/v2\/comments?post=18760"}],"version-history":[{"count":1,"href":"https:\/\/panoramatv.com.do\/index.php\/wp-json\/wp\/v2\/posts\/18760\/revisions"}],"predecessor-version":[{"id":18762,"href":"https:\/\/panoramatv.com.do\/index.php\/wp-json\/wp\/v2\/posts\/18760\/revisions\/18762"}],"wp:featuredmedia":[{"embeddable":true,"href":"https:\/\/panoramatv.com.do\/index.php\/wp-json\/wp\/v2\/media\/18761"}],"wp:attachment":[{"href":"https:\/\/panoramatv.com.do\/index.php\/wp-json\/wp\/v2\/media?parent=18760"}],"wp:term":[{"taxonomy":"category","embeddable":true,"href":"https:\/\/panoramatv.com.do\/index.php\/wp-json\/wp\/v2\/categories?post=18760"},{"taxonomy":"post_tag","embeddable":true,"href":"https:\/\/panoramatv.com.do\/index.php\/wp-json\/wp\/v2\/tags?post=18760"}],"curies":[{"name":"wp","href":"https:\/\/api.w.org\/{rel}","templated":true}]}}