{"id":18757,"date":"2025-12-14T16:19:58","date_gmt":"2025-12-14T20:19:58","guid":{"rendered":"https:\/\/panoramatv.com.do\/?p=18757"},"modified":"2025-12-14T16:20:00","modified_gmt":"2025-12-14T20:20:00","slug":"ministro-de-turismo-supervisa-reconstruccion-del-parque-nacional-submarino-la-caleta","status":"publish","type":"post","link":"https:\/\/panoramatv.com.do\/index.php\/2025\/12\/14\/ministro-de-turismo-supervisa-reconstruccion-del-parque-nacional-submarino-la-caleta\/","title":{"rendered":"Ministro de Turismo supervisa reconstrucci\u00f3n del Parque Nacional Submarino La Caleta."},"content":{"rendered":"\n<p><strong>La Caleta, Boca Chica.<\/strong>&nbsp;\u2013 El ministro de Turismo, David Collado, supervis\u00f3 este jueves los trabajos de reconstrucci\u00f3n del Parque Nacional Submarino La Caleta, en este municipio de Boca Chica, que se ejecuta con una inversi\u00f3n superior a los RD$350 millones<\/p>\n\n\n\n<p>El ministro verifico que se est\u00e9 cumpliendo con el cronograma de intervenci\u00f3n, ya que la obra est\u00e1 prevista a inaugurarse este mes de diciembre.<\/p>\n\n\n\n<p>La intervenci\u00f3n se realiza con el objetivo de impulsar el turismo, rescatar el patrimonio natural, as\u00ed como, la creaci\u00f3n de senderos, \u00e1reas recreativas y de servicios, convertirlo en un atractivo para los turistas que llegan por el Aeropuerto Internacional de Las Am\u00e9ricas (AILA) y para las familias dominica.<\/p>\n\n\n\n<p>\u201cEstamos aqu\u00ed en la supervisi\u00f3n final del Parque Submarino La Caleta, que tenia m\u00e1s de 50 a\u00f1os abandonado, lo hemos iluminado y remozado completamente, con nuevos parqueos, la creaci\u00f3n de senderos, entre otras intervenciones\u201d, dijo el ministro Collado.<\/p>\n\n\n\n<p>Tambi\u00e9n que sirva como \u00faltima visita de los turistas antes de abordar el avi\u00f3n y tengan un lugar de esparcimiento y recreaci\u00f3n donde puedan disfrutar y sentarse al aire libre con seguridad.<\/p>\n\n\n\n<p>Collado manifest\u00f3 que la obra tiene un costo de m\u00e1s de RD$ 250 millones en la intervenci\u00f3n del parque y un monto superior a los RD$80 millones en los entornos como son los escudos con los pa\u00edses de las Am\u00e9ricas y aceras.<\/p>\n\n\n<div class=\"wp-block-image\">\n<figure class=\"aligncenter size-full\"><img loading=\"lazy\" decoding=\"async\" width=\"1366\" height=\"911\" src=\"https:\/\/images.panoramatv.com.do\/wp-content\/uploads\/2025\/12\/12.jpg\" alt=\"\" class=\"wp-image-18758\"\/><figcaption class=\"wp-element-caption\">Ministro de Turismo supervisa reconstrucci\u00f3n del Parque Nacional Submarino La Caleta.<\/figcaption><\/figure><\/div>","protected":false},"excerpt":{"rendered":"<p>La Caleta, Boca Chica.&nbsp;\u2013 El ministro de Turismo, David Collado, supervis\u00f3 este jueves los trabajos de reconstrucci\u00f3n del Parque Nacional Submarino La Caleta, en este municipio de Boca Chica, que se ejecuta con una inversi\u00f3n superior a los RD$350 millones El ministro verifico que se est\u00e9 cumpliendo con el cronograma de intervenci\u00f3n, ya que la [&hellip;]<\/p>\n","protected":false},"author":1,"featured_media":18758,"comment_status":"open","ping_status":"open","sticky":false,"template":"","format":"standard","meta":{"_jetpack_memberships_contains_paid_content":false,"footnotes":"","jetpack_publicize_message":"","jetpack_publicize_feature_enabled":true,"jetpack_social_post_already_shared":true,"jetpack_social_options":{"image_generator_settings":{"template":"highway","enabled":false}}},"categories":[2804],"tags":[77],"class_list":["post-18757","post","type-post","status-publish","format-standard","has-post-thumbnail","hentry","category-destino-turistico","tag-turismo"],"jetpack_publicize_connections":[],"jetpack_sharing_enabled":true,"jetpack_featured_media_url":"https:\/\/images.panoramatv.com.do\/wp-content\/uploads\/2025\/12\/12.jpg","jetpack_likes_enabled":true,"jetpack-related-posts":[],"_links":{"self":[{"href":"https:\/\/panoramatv.com.do\/index.php\/wp-json\/wp\/v2\/posts\/18757"}],"collection":[{"href":"https:\/\/panoramatv.com.do\/index.php\/wp-json\/wp\/v2\/posts"}],"about":[{"href":"https:\/\/panoramatv.com.do\/index.php\/wp-json\/wp\/v2\/types\/post"}],"author":[{"embeddable":true,"href":"https:\/\/panoramatv.com.do\/index.php\/wp-json\/wp\/v2\/users\/1"}],"replies":[{"embeddable":true,"href":"https:\/\/panoramatv.com.do\/index.php\/wp-json\/wp\/v2\/comments?post=18757"}],"version-history":[{"count":1,"href":"https:\/\/panoramatv.com.do\/index.php\/wp-json\/wp\/v2\/posts\/18757\/revisions"}],"predecessor-version":[{"id":18759,"href":"https:\/\/panoramatv.com.do\/index.php\/wp-json\/wp\/v2\/posts\/18757\/revisions\/18759"}],"wp:featuredmedia":[{"embeddable":true,"href":"https:\/\/panoramatv.com.do\/index.php\/wp-json\/wp\/v2\/media\/18758"}],"wp:attachment":[{"href":"https:\/\/panoramatv.com.do\/index.php\/wp-json\/wp\/v2\/media?parent=18757"}],"wp:term":[{"taxonomy":"category","embeddable":true,"href":"https:\/\/panoramatv.com.do\/index.php\/wp-json\/wp\/v2\/categories?post=18757"},{"taxonomy":"post_tag","embeddable":true,"href":"https:\/\/panoramatv.com.do\/index.php\/wp-json\/wp\/v2\/tags?post=18757"}],"curies":[{"name":"wp","href":"https:\/\/api.w.org\/{rel}","templated":true}]}}