{"id":18622,"date":"2025-10-20T13:27:41","date_gmt":"2025-10-20T17:27:41","guid":{"rendered":"https:\/\/panoramatv.com.do\/?p=18622"},"modified":"2025-10-20T13:27:43","modified_gmt":"2025-10-20T17:27:43","slug":"congreso-internacional-sabic-regresa-a-rd-para-impulsar-innovacion-en-el-sector-aec","status":"publish","type":"post","link":"https:\/\/panoramatv.com.do\/index.php\/2025\/10\/20\/congreso-internacional-sabic-regresa-a-rd-para-impulsar-innovacion-en-el-sector-aec\/","title":{"rendered":"Congreso Internacional SABIC regresa a RD para impulsar innovaci\u00f3n en el sector AEC"},"content":{"rendered":"\n<p>Santo Domingo, R.D. \u2013 La segunda edici\u00f3n que se celebra en Rep\u00fablica Dominicana del Congreso Internacional SABIC, un espacio de referencia dedicado a analizar el presente y futuro del sector de la arquitectura, la ingenier\u00eda y la construcci\u00f3n (AEC), se celebrar\u00e1 el s\u00e1bado 25 de octubre de 2025, en el Auditorio Patrick N. Hughson del Instituto Cultural Dominico Americano.<\/p>\n\n\n\n<p>Tras el \u00e9xito alcanzado en su primera edici\u00f3n en 2024, el Congreso SABIC regresa a la Rep\u00fablica Dominicana consolid\u00e1ndose como un foro clave para el intercambio de experiencias y la exploraci\u00f3n de soluciones innovadoras que impulsen la transformaci\u00f3n del sector.<\/p>\n\n\n\n<p>Este evento internacional reunir\u00e1 a expertos, l\u00edderes empresariales, acad\u00e9micos y profesionales vinculados a la industria AEC, bajo cuatro ejes tem\u00e1ticos que reflejan las tendencias globales de la industria: Sostenibilidad, Inteligencia Artificial, Building Information Modeling (BIM) y Construcci\u00f3n Industrializada.<\/p>\n\n\n\n<p>Entre los ponentes internacionales confirmados se destacan Diego Forero, CEO de ARQA; \u00c1ngel Eduardo Germ\u00e1n, Gerente General de GRID y representante de Revizto en Rep\u00fablica Dominicana; Ricardo Carrami\u00f1ana, CEO del Grupo EADIC; e Ignacio Fern\u00e1ndez-Cuenca, Consultor Senior de INECO Espa\u00f1a.<\/p>\n\n\n\n<p>Ricardo Carrami\u00f1ana, CEO de Grupo EADIC, expres\u00f3 que \u201cel Congreso SABIC se ha consolidado como un escenario clave para reflexionar sobre el presente y proyectar el futuro del sector AEC. Volver a Rep\u00fablica Dominicana con esta segunda edici\u00f3n nos permite fortalecer los lazos con la comunidad profesional del pa\u00eds y la regi\u00f3n, impulsando la innovaci\u00f3n, la sostenibilidad y la colaboraci\u00f3n entre actores p\u00fablicos y privados.\u201d<\/p>\n\n\n\n<p>El evento contar\u00e1 con la participaci\u00f3n de empresas aliadas, instituciones acad\u00e9micas y entidades vinculadas al desarrollo urbano, con el prop\u00f3sito de promover la formaci\u00f3n continua, el intercambio de conocimiento y la creaci\u00f3n de oportunidades de colaboraci\u00f3n entre profesionales del \u00e1mbito AEC.<\/p>\n\n\n\n<figure class=\"wp-block-image size-full\"><img loading=\"lazy\" decoding=\"async\" width=\"877\" height=\"584\" src=\"https:\/\/images.panoramatv.com.do\/wp-content\/uploads\/2025\/10\/8.jpg\" alt=\"\" class=\"wp-image-18623\"\/><\/figure>\n","protected":false},"excerpt":{"rendered":"<p>Santo Domingo, R.D. \u2013 La segunda edici\u00f3n que se celebra en Rep\u00fablica Dominicana del Congreso Internacional SABIC, un espacio de referencia dedicado a analizar el presente y futuro del sector de la arquitectura, la ingenier\u00eda y la construcci\u00f3n (AEC), se celebrar\u00e1 el s\u00e1bado 25 de octubre de 2025, en el Auditorio Patrick N. Hughson del [&hellip;]<\/p>\n","protected":false},"author":1,"featured_media":18623,"comment_status":"open","ping_status":"open","sticky":false,"template":"","format":"standard","meta":{"_jetpack_memberships_contains_paid_content":false,"footnotes":"","jetpack_publicize_message":"","jetpack_publicize_feature_enabled":true,"jetpack_social_post_already_shared":true,"jetpack_social_options":{"image_generator_settings":{"template":"highway","enabled":false}}},"categories":[1],"tags":[3625],"class_list":["post-18622","post","type-post","status-publish","format-standard","has-post-thumbnail","hentry","category-actualidad","tag-sector-aec"],"jetpack_publicize_connections":[],"jetpack_sharing_enabled":true,"jetpack_featured_media_url":"https:\/\/images.panoramatv.com.do\/wp-content\/uploads\/2025\/10\/8.jpg","jetpack_likes_enabled":true,"jetpack-related-posts":[],"_links":{"self":[{"href":"https:\/\/panoramatv.com.do\/index.php\/wp-json\/wp\/v2\/posts\/18622"}],"collection":[{"href":"https:\/\/panoramatv.com.do\/index.php\/wp-json\/wp\/v2\/posts"}],"about":[{"href":"https:\/\/panoramatv.com.do\/index.php\/wp-json\/wp\/v2\/types\/post"}],"author":[{"embeddable":true,"href":"https:\/\/panoramatv.com.do\/index.php\/wp-json\/wp\/v2\/users\/1"}],"replies":[{"embeddable":true,"href":"https:\/\/panoramatv.com.do\/index.php\/wp-json\/wp\/v2\/comments?post=18622"}],"version-history":[{"count":1,"href":"https:\/\/panoramatv.com.do\/index.php\/wp-json\/wp\/v2\/posts\/18622\/revisions"}],"predecessor-version":[{"id":18624,"href":"https:\/\/panoramatv.com.do\/index.php\/wp-json\/wp\/v2\/posts\/18622\/revisions\/18624"}],"wp:featuredmedia":[{"embeddable":true,"href":"https:\/\/panoramatv.com.do\/index.php\/wp-json\/wp\/v2\/media\/18623"}],"wp:attachment":[{"href":"https:\/\/panoramatv.com.do\/index.php\/wp-json\/wp\/v2\/media?parent=18622"}],"wp:term":[{"taxonomy":"category","embeddable":true,"href":"https:\/\/panoramatv.com.do\/index.php\/wp-json\/wp\/v2\/categories?post=18622"},{"taxonomy":"post_tag","embeddable":true,"href":"https:\/\/panoramatv.com.do\/index.php\/wp-json\/wp\/v2\/tags?post=18622"}],"curies":[{"name":"wp","href":"https:\/\/api.w.org\/{rel}","templated":true}]}}