{"id":18564,"date":"2025-10-20T09:57:04","date_gmt":"2025-10-20T13:57:04","guid":{"rendered":"https:\/\/panoramatv.com.do\/?p=18564"},"modified":"2025-10-20T09:57:06","modified_gmt":"2025-10-20T13:57:06","slug":"rd-participa-en-reunion-ministerial-de-educacion-superior-de-la-celac-en-colombia","status":"publish","type":"post","link":"https:\/\/panoramatv.com.do\/index.php\/2025\/10\/20\/rd-participa-en-reunion-ministerial-de-educacion-superior-de-la-celac-en-colombia\/","title":{"rendered":"RD participa en reuni\u00f3n ministerial de Educaci\u00f3n Superior de la CELAC en Colombia"},"content":{"rendered":"\n<p>CARTAGENA DE INDIA, Colombia.\u2013 La Rep\u00fablica Dominicana, representada por el ministro de Educaci\u00f3n Superior, Ciencia y Tecnolog\u00eda, doctor Franklin Garc\u00eda Ferm\u00edn, particip\u00f3 en la Reuni\u00f3n Ministerial y de Altas Autoridades de Educaci\u00f3n Superior de la Comunidad de Estados Latinoamericanos y Caribe\u00f1os (CELAC), celebrada del 15 al 17 de octubre en la ciudad de Cartagena de Indias.<\/p>\n\n\n\n<p>Durante el encuentro, los ministros y representantes de los pa\u00edses miembros de la CELAC abordaron los principales desaf\u00edos y oportunidades que enfrenta la regi\u00f3n en materia de educaci\u00f3n superior, investigaci\u00f3n cient\u00edfica e innovaci\u00f3n, con miras a fortalecer la integraci\u00f3n regional y la cooperaci\u00f3n acad\u00e9mica.<\/p>\n\n\n\n<p>&nbsp;La reuni\u00f3n culmin\u00f3 con la adopci\u00f3n de una Declaraci\u00f3n Ministerial, en la que los Estados miembros reafirmaron su compromiso de consolidar un espacio regional de educaci\u00f3n superior que articule capacidades, reduzca asimetr\u00edas, potencie la cooperaci\u00f3n solidaria y proyecte a Am\u00e9rica Latina y el Caribe como un actor relevante en el escenario global.<\/p>\n\n\n\n<p>&nbsp;Asimismo, se reiter\u00f3 que la educaci\u00f3n superior es un derecho fundamental y un bien p\u00fablico, condici\u00f3n indispensable para la vida digna, la justicia social, la democracia y la integraci\u00f3n regional.<\/p>\n\n\n\n<p>&nbsp;Los pa\u00edses participantes se comprometieron a trabajar conjuntamente para garantizar como pilar del desarrollo sostenible de los pueblos latinoamericanos y caribe\u00f1os.<\/p>\n\n\n\n<figure class=\"wp-block-gallery has-nested-images columns-default is-cropped wp-block-gallery-1 is-layout-flex wp-block-gallery-is-layout-flex\">\n<figure class=\"wp-block-image size-large\"><img loading=\"lazy\" decoding=\"async\" width=\"480\" height=\"640\" data-id=\"18565\" src=\"https:\/\/images.panoramatv.com.do\/wp-content\/uploads\/2025\/10\/1-4.jpg\" alt=\"\" class=\"wp-image-18565\"\/><\/figure>\n\n\n\n<figure class=\"wp-block-image size-large\"><img loading=\"lazy\" decoding=\"async\" width=\"853\" height=\"640\" data-id=\"18566\" src=\"https:\/\/images.panoramatv.com.do\/wp-content\/uploads\/2025\/10\/2.jpg\" alt=\"\" class=\"wp-image-18566\"\/><\/figure>\n<\/figure>\n","protected":false},"excerpt":{"rendered":"<p>CARTAGENA DE INDIA, Colombia.\u2013 La Rep\u00fablica Dominicana, representada por el ministro de Educaci\u00f3n Superior, Ciencia y Tecnolog\u00eda, doctor Franklin Garc\u00eda Ferm\u00edn, particip\u00f3 en la Reuni\u00f3n Ministerial y de Altas Autoridades de Educaci\u00f3n Superior de la Comunidad de Estados Latinoamericanos y Caribe\u00f1os (CELAC), celebrada del 15 al 17 de octubre en la ciudad de Cartagena de [&hellip;]<\/p>\n","protected":false},"author":1,"featured_media":18565,"comment_status":"open","ping_status":"open","sticky":false,"template":"","format":"standard","meta":{"_jetpack_memberships_contains_paid_content":false,"footnotes":"","jetpack_publicize_message":"","jetpack_publicize_feature_enabled":true,"jetpack_social_post_already_shared":true,"jetpack_social_options":{"image_generator_settings":{"template":"highway","enabled":false}}},"categories":[1],"tags":[],"class_list":["post-18564","post","type-post","status-publish","format-standard","has-post-thumbnail","hentry","category-actualidad"],"jetpack_publicize_connections":[],"jetpack_sharing_enabled":true,"jetpack_featured_media_url":"https:\/\/images.panoramatv.com.do\/wp-content\/uploads\/2025\/10\/1-4.jpg","jetpack_likes_enabled":true,"jetpack-related-posts":[],"_links":{"self":[{"href":"https:\/\/panoramatv.com.do\/index.php\/wp-json\/wp\/v2\/posts\/18564"}],"collection":[{"href":"https:\/\/panoramatv.com.do\/index.php\/wp-json\/wp\/v2\/posts"}],"about":[{"href":"https:\/\/panoramatv.com.do\/index.php\/wp-json\/wp\/v2\/types\/post"}],"author":[{"embeddable":true,"href":"https:\/\/panoramatv.com.do\/index.php\/wp-json\/wp\/v2\/users\/1"}],"replies":[{"embeddable":true,"href":"https:\/\/panoramatv.com.do\/index.php\/wp-json\/wp\/v2\/comments?post=18564"}],"version-history":[{"count":1,"href":"https:\/\/panoramatv.com.do\/index.php\/wp-json\/wp\/v2\/posts\/18564\/revisions"}],"predecessor-version":[{"id":18567,"href":"https:\/\/panoramatv.com.do\/index.php\/wp-json\/wp\/v2\/posts\/18564\/revisions\/18567"}],"wp:featuredmedia":[{"embeddable":true,"href":"https:\/\/panoramatv.com.do\/index.php\/wp-json\/wp\/v2\/media\/18565"}],"wp:attachment":[{"href":"https:\/\/panoramatv.com.do\/index.php\/wp-json\/wp\/v2\/media?parent=18564"}],"wp:term":[{"taxonomy":"category","embeddable":true,"href":"https:\/\/panoramatv.com.do\/index.php\/wp-json\/wp\/v2\/categories?post=18564"},{"taxonomy":"post_tag","embeddable":true,"href":"https:\/\/panoramatv.com.do\/index.php\/wp-json\/wp\/v2\/tags?post=18564"}],"curies":[{"name":"wp","href":"https:\/\/api.w.org\/{rel}","templated":true}]}}