{"id":18561,"date":"2025-10-20T09:55:23","date_gmt":"2025-10-20T13:55:23","guid":{"rendered":"https:\/\/panoramatv.com.do\/?p=18561"},"modified":"2025-10-20T09:55:25","modified_gmt":"2025-10-20T13:55:25","slug":"banreservas-reconoce-trayectoria-de-582-colaboradores","status":"publish","type":"post","link":"https:\/\/panoramatv.com.do\/index.php\/2025\/10\/20\/banreservas-reconoce-trayectoria-de-582-colaboradores\/","title":{"rendered":"Banreservas reconoce trayectoria de 582 colaboradores"},"content":{"rendered":"\n<p><strong>Santo Domingo <\/strong>&#8211; El Banco de Reservas reconoci\u00f3 el esfuerzo de 582 colaboradores que de manera ininterrumpida han desempe\u00f1ado su labor durante 20, 25, 30 y 35 a\u00f1os comprometidos con la instituci\u00f3n y el desarrollo del pa\u00eds.<\/p>\n\n\n\n<p>El presidente Luis Abinader felicit\u00f3 a los galardonados por ser un ejemplo de compromiso, entrega y lealtad. \u201cUstedes son una parte esencial de este motor humano, que ha impulsado la transformaci\u00f3n y el crecimiento de Banreservas durante estos a\u00f1os\u201d, enfatiz\u00f3.<\/p>\n\n\n\n<p>&nbsp;El jefe de Estado envi\u00f3 el mensaje durante una llamada telef\u00f3nica al presidente ejecutivo de Banreservas, doctor Leonardo Aguilera, que fue transmitida en altavoz a los asistentes a la actividad efectuada en el Teatro Nacional.<\/p>\n\n\n\n<p>\u201cEsta ceremonia, m\u00e1s que una celebraci\u00f3n por el tiempo transcurrido y por sus servicios a este gran Banco, es una manifestaci\u00f3n de gratitud y tambi\u00e9n de admiraci\u00f3n hacia estos hombres y mujeres que han dedicado lo mejor de s\u00ed para fortalecer a esta instituci\u00f3n, que es de la m\u00e1s emblem\u00e1tica del pa\u00eds\u201d, dijo el presidente Abinader.<\/p>\n\n\n\n<p>El doctor Aguilera expres\u00f3 su satisfacci\u00f3n por el mensaje del mandatario, al tiempo de agradecer a los 582 homenajeados el trabajo realizado durante sus a\u00f1os de servicio para ayudar a construir el liderazgo indiscutible que hoy exhibe Banreservas.<\/p>\n\n\n\n<p>\u00abUstedes han sido los arquitectos invisibles de los procesos que nos trajeron al presente y los visionarios de nuestro futuro. Nuestra instituci\u00f3n les agradece y agradecer\u00e1 esa entrega, ese v\u00ednculo que se forja con la lealtad, con el amor a lo que hacemos, hasta transformarse en legado\u00bb, expres\u00f3 el presidente ejecutivo de la instituci\u00f3n financiera.&nbsp;<\/p>\n\n\n<div class=\"wp-block-image\">\n<figure class=\"aligncenter size-full\"><img loading=\"lazy\" decoding=\"async\" width=\"962\" height=\"640\" src=\"https:\/\/images.panoramatv.com.do\/wp-content\/uploads\/2025\/10\/0.jpg\" alt=\"\" class=\"wp-image-18562\"\/><figcaption class=\"wp-element-caption\">Banreservas reconoce trayectoria de 582 colaboradores<\/figcaption><\/figure><\/div>","protected":false},"excerpt":{"rendered":"<p>Santo Domingo &#8211; El Banco de Reservas reconoci\u00f3 el esfuerzo de 582 colaboradores que de manera ininterrumpida han desempe\u00f1ado su labor durante 20, 25, 30 y 35 a\u00f1os comprometidos con la instituci\u00f3n y el desarrollo del pa\u00eds. El presidente Luis Abinader felicit\u00f3 a los galardonados por ser un ejemplo de compromiso, entrega y lealtad. \u201cUstedes [&hellip;]<\/p>\n","protected":false},"author":1,"featured_media":18562,"comment_status":"open","ping_status":"open","sticky":false,"template":"","format":"standard","meta":{"_jetpack_memberships_contains_paid_content":false,"footnotes":"","jetpack_publicize_message":"","jetpack_publicize_feature_enabled":true,"jetpack_social_post_already_shared":true,"jetpack_social_options":{"image_generator_settings":{"template":"highway","enabled":false}}},"categories":[2802],"tags":[103],"class_list":["post-18561","post","type-post","status-publish","format-standard","has-post-thumbnail","hentry","category-economia-y-negocios","tag-banreservas"],"jetpack_publicize_connections":[],"jetpack_sharing_enabled":true,"jetpack_featured_media_url":"https:\/\/images.panoramatv.com.do\/wp-content\/uploads\/2025\/10\/0.jpg","jetpack_likes_enabled":true,"jetpack-related-posts":[],"_links":{"self":[{"href":"https:\/\/panoramatv.com.do\/index.php\/wp-json\/wp\/v2\/posts\/18561"}],"collection":[{"href":"https:\/\/panoramatv.com.do\/index.php\/wp-json\/wp\/v2\/posts"}],"about":[{"href":"https:\/\/panoramatv.com.do\/index.php\/wp-json\/wp\/v2\/types\/post"}],"author":[{"embeddable":true,"href":"https:\/\/panoramatv.com.do\/index.php\/wp-json\/wp\/v2\/users\/1"}],"replies":[{"embeddable":true,"href":"https:\/\/panoramatv.com.do\/index.php\/wp-json\/wp\/v2\/comments?post=18561"}],"version-history":[{"count":1,"href":"https:\/\/panoramatv.com.do\/index.php\/wp-json\/wp\/v2\/posts\/18561\/revisions"}],"predecessor-version":[{"id":18563,"href":"https:\/\/panoramatv.com.do\/index.php\/wp-json\/wp\/v2\/posts\/18561\/revisions\/18563"}],"wp:featuredmedia":[{"embeddable":true,"href":"https:\/\/panoramatv.com.do\/index.php\/wp-json\/wp\/v2\/media\/18562"}],"wp:attachment":[{"href":"https:\/\/panoramatv.com.do\/index.php\/wp-json\/wp\/v2\/media?parent=18561"}],"wp:term":[{"taxonomy":"category","embeddable":true,"href":"https:\/\/panoramatv.com.do\/index.php\/wp-json\/wp\/v2\/categories?post=18561"},{"taxonomy":"post_tag","embeddable":true,"href":"https:\/\/panoramatv.com.do\/index.php\/wp-json\/wp\/v2\/tags?post=18561"}],"curies":[{"name":"wp","href":"https:\/\/api.w.org\/{rel}","templated":true}]}}