{"id":18558,"date":"2025-10-16T14:12:30","date_gmt":"2025-10-16T18:12:30","guid":{"rendered":"https:\/\/panoramatv.com.do\/?p=18558"},"modified":"2025-10-16T14:12:32","modified_gmt":"2025-10-16T18:12:32","slug":"destacan-liderazgo-regional-de-david-collado-como-ministro-de-turismo","status":"publish","type":"post","link":"https:\/\/panoramatv.com.do\/index.php\/2025\/10\/16\/destacan-liderazgo-regional-de-david-collado-como-ministro-de-turismo\/","title":{"rendered":"Destacan liderazgo regional de David Collado como ministro de Turismo."},"content":{"rendered":"\n<p><strong>Santo Domingo.<\/strong>&nbsp;&#8211; La directora ejecutiva de ONU Turismo, Natalia Bayona y el director Regional para las Am\u00e9ricas del organismo, Gustavo Santos, destacaron el liderazgo de David Collado a nivel regional, quien recibi\u00f3 un reconocimiento como el mejor ministro de Las Am\u00e9ricas.<\/p>\n\n\n\n<p>En un acto realizado este martes en un hotel de Santo Domingo y con la presencia de ministros de turismo de la regi\u00f3n, la secretaria ejecutiva de la Organizaci\u00f3n Mundial del Turismo, ahora ONU Turismo, Natalia Bayona, entreg\u00f3 el reconocimiento a Collado, a quien defini\u00f3 como un l\u00edder incansable y ejemplo de liderazgo regional para generar unidad en Am\u00e9rica Latina y el Caribe.<\/p>\n\n\n\n<p>El reconocimiento a Collado se hizo en el marco del conversatorio sobre la Pol\u00edtica y Estrategia de Sostenibilidad Tur\u00edstica de Rep\u00fablica Dominicana con el respaldo de ONU Turismo, ante una destacada asistencia de ministros de turismo de Las Am\u00e9ricas, empresarios de la industria y de la banca, ejecutivos hoteleros, diplom\u00e1ticos e invitados.<\/p>\n\n\n\n<p>Bayona agradeci\u00f3 de Collado trabajar juntos y haber recuperado el turismo en el peor momento de la historia donde hab\u00eda una ca\u00edda de un 75 por ciento.<\/p>\n\n\n\n<p>Bayona, quien dijo sentirse dominicana, asegur\u00f3 que el liderazgo de Collado trasciende la frontera quisqueyana y es un ejemplo a seguir e inspirador.<\/p>\n\n\n\n<figure class=\"wp-block-image size-full\"><img loading=\"lazy\" decoding=\"async\" width=\"977\" height=\"638\" src=\"https:\/\/images.panoramatv.com.do\/wp-content\/uploads\/2025\/10\/48.jpg\" alt=\"\" class=\"wp-image-18559\"\/><\/figure>\n","protected":false},"excerpt":{"rendered":"<p>Santo Domingo.&nbsp;&#8211; La directora ejecutiva de ONU Turismo, Natalia Bayona y el director Regional para las Am\u00e9ricas del organismo, Gustavo Santos, destacaron el liderazgo de David Collado a nivel regional, quien recibi\u00f3 un reconocimiento como el mejor ministro de Las Am\u00e9ricas. En un acto realizado este martes en un hotel de Santo Domingo y con [&hellip;]<\/p>\n","protected":false},"author":1,"featured_media":18559,"comment_status":"open","ping_status":"open","sticky":false,"template":"","format":"standard","meta":{"_jetpack_memberships_contains_paid_content":false,"footnotes":"","jetpack_publicize_message":"","jetpack_publicize_feature_enabled":true,"jetpack_social_post_already_shared":true,"jetpack_social_options":{"image_generator_settings":{"template":"highway","enabled":false}}},"categories":[44],"tags":[77],"class_list":["post-18558","post","type-post","status-publish","format-standard","has-post-thumbnail","hentry","category-panorama-turistico","tag-turismo"],"jetpack_publicize_connections":[],"jetpack_sharing_enabled":true,"jetpack_featured_media_url":"https:\/\/images.panoramatv.com.do\/wp-content\/uploads\/2025\/10\/48.jpg","jetpack_likes_enabled":true,"jetpack-related-posts":[],"_links":{"self":[{"href":"https:\/\/panoramatv.com.do\/index.php\/wp-json\/wp\/v2\/posts\/18558"}],"collection":[{"href":"https:\/\/panoramatv.com.do\/index.php\/wp-json\/wp\/v2\/posts"}],"about":[{"href":"https:\/\/panoramatv.com.do\/index.php\/wp-json\/wp\/v2\/types\/post"}],"author":[{"embeddable":true,"href":"https:\/\/panoramatv.com.do\/index.php\/wp-json\/wp\/v2\/users\/1"}],"replies":[{"embeddable":true,"href":"https:\/\/panoramatv.com.do\/index.php\/wp-json\/wp\/v2\/comments?post=18558"}],"version-history":[{"count":1,"href":"https:\/\/panoramatv.com.do\/index.php\/wp-json\/wp\/v2\/posts\/18558\/revisions"}],"predecessor-version":[{"id":18560,"href":"https:\/\/panoramatv.com.do\/index.php\/wp-json\/wp\/v2\/posts\/18558\/revisions\/18560"}],"wp:featuredmedia":[{"embeddable":true,"href":"https:\/\/panoramatv.com.do\/index.php\/wp-json\/wp\/v2\/media\/18559"}],"wp:attachment":[{"href":"https:\/\/panoramatv.com.do\/index.php\/wp-json\/wp\/v2\/media?parent=18558"}],"wp:term":[{"taxonomy":"category","embeddable":true,"href":"https:\/\/panoramatv.com.do\/index.php\/wp-json\/wp\/v2\/categories?post=18558"},{"taxonomy":"post_tag","embeddable":true,"href":"https:\/\/panoramatv.com.do\/index.php\/wp-json\/wp\/v2\/tags?post=18558"}],"curies":[{"name":"wp","href":"https:\/\/api.w.org\/{rel}","templated":true}]}}