{"id":18328,"date":"2025-09-11T17:39:56","date_gmt":"2025-09-11T21:39:56","guid":{"rendered":"https:\/\/panoramatv.com.do\/?p=18328"},"modified":"2025-09-11T17:39:58","modified_gmt":"2025-09-11T21:39:58","slug":"mescyt-trabajo-y-uniromana-impulsan-educacion-y-empleo-en-la-region-este-con-nuevo-convenio","status":"publish","type":"post","link":"https:\/\/panoramatv.com.do\/index.php\/2025\/09\/11\/mescyt-trabajo-y-uniromana-impulsan-educacion-y-empleo-en-la-region-este-con-nuevo-convenio\/","title":{"rendered":"MESCyT, Trabajo y Uniromana impulsan educaci\u00f3n y empleo en la regi\u00f3n Este con nuevo convenio"},"content":{"rendered":"\n<p>SANTO DOMINGO. \u2013 Con el objetivo de transformar la educaci\u00f3n superior y potenciar las oportunidades laborales en la regi\u00f3n Este del pa\u00eds, los ministerios de Educaci\u00f3n Superior, Ciencia y Tecnolog\u00eda (MESCyT), de Trabajo y la Universidad de La Romana (Uniromana) firmaron un convenio marco de colaboraci\u00f3n institucional.<\/p>\n\n\n\n<p>El acuerdo establece acciones conjuntas para la profesionalizaci\u00f3n de los habitantes de la zona mediante diplomados en enfermer\u00eda y gastronom\u00eda, que ser\u00e1n impartidos por Uniromana y financiados por el MESCyT a trav\u00e9s de convenios espec\u00edficos.<\/p>\n\n\n\n<p>Estas iniciativas buscan elevar la calidad educativa y mejorar la preparaci\u00f3n de los futuros profesionales del sector hotelero y de servicios.<\/p>\n\n\n\n<p>El MESCyT se encargar\u00e1 de otorgar las becas a los beneficiarios seleccionados mediante convocatoria p\u00fablica, garantizando transparencia e igualdad de oportunidades.&nbsp;<\/p>\n\n\n\n<p>En ese sentido, el Ministerio de Trabajo actuar\u00e1 como enlace para facilitar la inserci\u00f3n laboral de los egresados en hoteles e instituciones de la regi\u00f3n, fortaleciendo la empleabilidad y la vinculaci\u00f3n entre formaci\u00f3n acad\u00e9mica y mercado laboral.&nbsp;<\/p>\n\n\n\n<p>En tanto que, Uniromana, por su parte, ser\u00e1 responsable de la planificaci\u00f3n y ejecuci\u00f3n de los programas acad\u00e9micos, asegurando altos est\u00e1ndares de calidad educativa.<\/p>\n\n\n\n<p>El convenio contempla, adem\u00e1s, la promoci\u00f3n conjunta de las actividades, el respeto a la autonom\u00eda de cada instituci\u00f3n y mecanismos para resolver de manera amistosa cualquier controversia que pueda surgir durante su ejecuci\u00f3n.<\/p>\n\n\n\n<p>&nbsp;Seg\u00fan el acuerdo, la vigencia de dicho convenio ser\u00e1 de un a\u00f1o, desde el 2 de septiembre de 2025 hasta el 2 de septiembre de 2026, con posibilidad de modificaciones o rescisi\u00f3n por acuerdo mutuo.<\/p>\n\n\n<div class=\"wp-block-image\">\n<figure class=\"aligncenter size-full\"><img loading=\"lazy\" decoding=\"async\" width=\"1427\" height=\"952\" src=\"https:\/\/images.panoramatv.com.do\/wp-content\/uploads\/2025\/09\/65-1.jpg\" alt=\"\" class=\"wp-image-18329\"\/><figcaption class=\"wp-element-caption\">MESCyT, Trabajo y Uniromana impulsan educaci\u00f3n y empleo en la regi\u00f3n Este con nuevo convenio<\/figcaption><\/figure>\n<\/div>","protected":false},"excerpt":{"rendered":"<p>SANTO DOMINGO. \u2013 Con el objetivo de transformar la educaci\u00f3n superior y potenciar las oportunidades laborales en la regi\u00f3n Este del pa\u00eds, los ministerios de Educaci\u00f3n Superior, Ciencia y Tecnolog\u00eda (MESCyT), de Trabajo y la Universidad de La Romana (Uniromana) firmaron un convenio marco de colaboraci\u00f3n institucional. El acuerdo establece acciones conjuntas para la profesionalizaci\u00f3n [&hellip;]<\/p>\n","protected":false},"author":1,"featured_media":18329,"comment_status":"open","ping_status":"open","sticky":false,"template":"","format":"standard","meta":{"_jetpack_memberships_contains_paid_content":false,"footnotes":"","jetpack_publicize_message":"","jetpack_publicize_feature_enabled":true,"jetpack_social_post_already_shared":true,"jetpack_social_options":{"image_generator_settings":{"template":"highway","enabled":false}}},"categories":[2794],"tags":[768],"class_list":["post-18328","post","type-post","status-publish","format-standard","has-post-thumbnail","hentry","category-educacion","tag-mescyt"],"jetpack_publicize_connections":[],"jetpack_sharing_enabled":true,"jetpack_featured_media_url":"https:\/\/images.panoramatv.com.do\/wp-content\/uploads\/2025\/09\/65-1.jpg","jetpack_likes_enabled":true,"jetpack-related-posts":[],"_links":{"self":[{"href":"https:\/\/panoramatv.com.do\/index.php\/wp-json\/wp\/v2\/posts\/18328","targetHints":{"allow":["GET"]}}],"collection":[{"href":"https:\/\/panoramatv.com.do\/index.php\/wp-json\/wp\/v2\/posts"}],"about":[{"href":"https:\/\/panoramatv.com.do\/index.php\/wp-json\/wp\/v2\/types\/post"}],"author":[{"embeddable":true,"href":"https:\/\/panoramatv.com.do\/index.php\/wp-json\/wp\/v2\/users\/1"}],"replies":[{"embeddable":true,"href":"https:\/\/panoramatv.com.do\/index.php\/wp-json\/wp\/v2\/comments?post=18328"}],"version-history":[{"count":1,"href":"https:\/\/panoramatv.com.do\/index.php\/wp-json\/wp\/v2\/posts\/18328\/revisions"}],"predecessor-version":[{"id":18330,"href":"https:\/\/panoramatv.com.do\/index.php\/wp-json\/wp\/v2\/posts\/18328\/revisions\/18330"}],"wp:featuredmedia":[{"embeddable":true,"href":"https:\/\/panoramatv.com.do\/index.php\/wp-json\/wp\/v2\/media\/18329"}],"wp:attachment":[{"href":"https:\/\/panoramatv.com.do\/index.php\/wp-json\/wp\/v2\/media?parent=18328"}],"wp:term":[{"taxonomy":"category","embeddable":true,"href":"https:\/\/panoramatv.com.do\/index.php\/wp-json\/wp\/v2\/categories?post=18328"},{"taxonomy":"post_tag","embeddable":true,"href":"https:\/\/panoramatv.com.do\/index.php\/wp-json\/wp\/v2\/tags?post=18328"}],"curies":[{"name":"wp","href":"https:\/\/api.w.org\/{rel}","templated":true}]}}