{"id":18163,"date":"2025-08-26T11:52:14","date_gmt":"2025-08-26T15:52:14","guid":{"rendered":"https:\/\/panoramatv.com.do\/?p=18163"},"modified":"2025-08-26T11:52:15","modified_gmt":"2025-08-26T15:52:15","slug":"intrant-llama-a-transportistas-a-circular-por-el-carril-derecho","status":"publish","type":"post","link":"https:\/\/panoramatv.com.do\/index.php\/2025\/08\/26\/intrant-llama-a-transportistas-a-circular-por-el-carril-derecho\/","title":{"rendered":"INTRANT llama a transportistas a circular por el carril derecho"},"content":{"rendered":"\n<p><strong>Santo Domingo<\/strong>. \u2013 El Instituto Nacional de Tr\u00e1nsito y Transporte Terrestre (INTRANT) exhort\u00f3 a los conductores de veh\u00edculos de carga a circular de manera obligatoria por el carril derecho en todas las autopistas y carreteras del pa\u00eds, en cumplimiento de lo establecido en la Ley 63-17 de Movilidad, Transporte Terrestre, Tr\u00e1nsito y Seguridad Vial.<\/p>\n\n\n\n<p>La disposici\u00f3n busca ordenar el tr\u00e1nsito, reducir riesgos de accidentes y garantizar mayor fluidez en las v\u00edas, evitando que estos veh\u00edculos obstaculicen los carriles de adelantamiento o de mayor velocidad.<\/p>\n\n\n\n<p>El director ejecutivo del INTRANT, Milton Morrison, destac\u00f3 la relevancia de esta pr\u00e1ctica para la seguridad vial:<\/p>\n\n\n\n<p>\u201cEstamos trabajando para que el transporte de carga sea m\u00e1s seguro y eficiente. Circular a la derecha no es solo un mandato de la Ley 63-17, es una pr\u00e1ctica que salva vidas y contribuye a un tr\u00e1nsito m\u00e1s organizado y justo para todos. Este es un compromiso con la seguridad de la ciudadan\u00eda y con el desarrollo del pa\u00eds\u201d.<\/p>\n\n\n\n<p>El INTRANT record\u00f3 que los veh\u00edculos de carga solo podr\u00e1n utilizar otros carriles en casos de adelantamiento permitido y que la Direcci\u00f3n General de Seguridad de Tr\u00e1nsito y Transporte Terrestre (DIGESETT) est\u00e1 facultada para fiscalizar y sancionar a quienes incumplan con esta disposici\u00f3n, conforme a lo establecido por la normativa.<\/p>\n\n\n<div class=\"wp-block-image\">\n<figure class=\"aligncenter size-full\"><a href=\"https:\/\/www.intrant.gob.do\/\"><img loading=\"lazy\" decoding=\"async\" width=\"842\" height=\"612\" src=\"https:\/\/images.panoramatv.com.do\/wp-content\/uploads\/2025\/08\/11-1.jpg\" alt=\"\" class=\"wp-image-18165\"\/><\/a><figcaption class=\"wp-element-caption\">INTRANT llama a transportistas a circular por el carril derecho<\/figcaption><\/figure>\n<\/div>","protected":false},"excerpt":{"rendered":"<p>Santo Domingo. \u2013 El Instituto Nacional de Tr\u00e1nsito y Transporte Terrestre (INTRANT) exhort\u00f3 a los conductores de veh\u00edculos de carga a circular de manera obligatoria por el carril derecho en todas las autopistas y carreteras del pa\u00eds, en cumplimiento de lo establecido en la Ley 63-17 de Movilidad, Transporte Terrestre, Tr\u00e1nsito y Seguridad Vial. La [&hellip;]<\/p>\n","protected":false},"author":1,"featured_media":18165,"comment_status":"open","ping_status":"open","sticky":false,"template":"","format":"standard","meta":{"_jetpack_memberships_contains_paid_content":false,"footnotes":"","jetpack_publicize_message":"","jetpack_publicize_feature_enabled":true,"jetpack_social_post_already_shared":true,"jetpack_social_options":{"image_generator_settings":{"template":"highway","enabled":false}}},"categories":[1],"tags":[92],"class_list":["post-18163","post","type-post","status-publish","format-standard","has-post-thumbnail","hentry","category-actualidad","tag-intrant"],"jetpack_publicize_connections":[],"jetpack_sharing_enabled":true,"jetpack_featured_media_url":"https:\/\/images.panoramatv.com.do\/wp-content\/uploads\/2025\/08\/11-1.jpg","jetpack_likes_enabled":true,"jetpack-related-posts":[],"_links":{"self":[{"href":"https:\/\/panoramatv.com.do\/index.php\/wp-json\/wp\/v2\/posts\/18163","targetHints":{"allow":["GET"]}}],"collection":[{"href":"https:\/\/panoramatv.com.do\/index.php\/wp-json\/wp\/v2\/posts"}],"about":[{"href":"https:\/\/panoramatv.com.do\/index.php\/wp-json\/wp\/v2\/types\/post"}],"author":[{"embeddable":true,"href":"https:\/\/panoramatv.com.do\/index.php\/wp-json\/wp\/v2\/users\/1"}],"replies":[{"embeddable":true,"href":"https:\/\/panoramatv.com.do\/index.php\/wp-json\/wp\/v2\/comments?post=18163"}],"version-history":[{"count":0,"href":"https:\/\/panoramatv.com.do\/index.php\/wp-json\/wp\/v2\/posts\/18163\/revisions"}],"wp:featuredmedia":[{"embeddable":true,"href":"https:\/\/panoramatv.com.do\/index.php\/wp-json\/wp\/v2\/media\/18165"}],"wp:attachment":[{"href":"https:\/\/panoramatv.com.do\/index.php\/wp-json\/wp\/v2\/media?parent=18163"}],"wp:term":[{"taxonomy":"category","embeddable":true,"href":"https:\/\/panoramatv.com.do\/index.php\/wp-json\/wp\/v2\/categories?post=18163"},{"taxonomy":"post_tag","embeddable":true,"href":"https:\/\/panoramatv.com.do\/index.php\/wp-json\/wp\/v2\/tags?post=18163"}],"curies":[{"name":"wp","href":"https:\/\/api.w.org\/{rel}","templated":true}]}}