{"id":18000,"date":"2025-07-28T09:36:17","date_gmt":"2025-07-28T13:36:17","guid":{"rendered":"https:\/\/panoramatv.com.do\/?p=18000"},"modified":"2025-07-28T09:36:19","modified_gmt":"2025-07-28T13:36:19","slug":"jorge-asjana-plantea-retos-de-universidades-y-profesores-frente-a-la-inteligencia-artificial","status":"publish","type":"post","link":"https:\/\/panoramatv.com.do\/index.php\/2025\/07\/28\/jorge-asjana-plantea-retos-de-universidades-y-profesores-frente-a-la-inteligencia-artificial\/","title":{"rendered":"Jorge Asjana plantea retos de universidades y profesores frente a la inteligencia artificial"},"content":{"rendered":"\n<p>\u201cEl profesor tiene que saber manejar la inteligencia artificial en el aula\u201d<\/p>\n\n\n\n<p>El candidato a rector afirma que la UASD est\u00e1 abocada a grandes retos en el avance de la ense\u00f1anza<\/p>\n\n\n\n<p>El candidato a rector de la Universidad Aut\u00f3noma de Santo Domingo (UASD), doctor Jorge Asjana David, advirti\u00f3 que no hay manera de parar la tecnolog\u00eda, por lo que las universidades tienen que montarse en ese mundo para el servicio, la atenci\u00f3n y la docencia.<\/p>\n\n\n\n<p>Entrevistado por el periodista Federico M\u00e9ndez, en el programa Esferas de Poder, que se transmite los domingos de 8:00 a 9:00 de la ma\u00f1ana, por RNN Canal 27, dijo que se debe tambi\u00e9n cambiar la forma de ense\u00f1ar, aprender y evaluar.<\/p>\n\n\n<div class=\"wp-block-image\">\n<figure class=\"aligncenter size-full\"><img loading=\"lazy\" decoding=\"async\" width=\"788\" height=\"446\" src=\"https:\/\/images.panoramatv.com.do\/wp-content\/uploads\/2025\/07\/0f7df51f-902d-40a0-9569-71a702a0be4b.jpg\" alt=\"\" class=\"wp-image-18002\"\/><\/figure>\n<\/div>\n\n\n<p>El acad\u00e9mico plante\u00f3 que los profesores deben saber manejar la inteligencia artificial en el aula, en la educaci\u00f3n, la investigaci\u00f3n y en todo el proceso de ense\u00f1anza.<\/p>\n\n\n\n<p>\u201cTenemos que ayudar a los estudiantes. Tampoco los estudiantes pueden pensar que porque la usen indiscriminadamente est\u00e1n aprendiendo. Y entonces esa parte lleva tambi\u00e9n un c\u00f3digo de \u00e9tica importante\u201d, sostuvo.<\/p>\n\n\n\n<p>Record\u00f3 que el c\u00f3digo de \u00e9tica ense\u00f1a al estudiante no fijarse ni copiar, lo cual no puede ser olvidado en la educaci\u00f3n superior, elemento que es importante reforzar en el ni\u00f1o y la ni\u00f1a.<\/p>\n\n\n\n<p>\u201cTenemos que cambiar la forma de evaluar, porque si ya sabemos que estos trabajos pueden hasta pasar los softwares anti-plagios, entonces como t\u00fa dec\u00edas ahorita, que lo mencionaste muy bien, est\u00e1 la parte de criticidad del trabajo, la parte cr\u00edtica, que eso no lo puede dar realmente la inteligencia artificial, por lo menos en estos momentos\u201d, adujo.<\/p>\n\n\n\n<p>Indica que se debe entender que hoy el conocimiento est\u00e1 en todas las bases de datos, en los lugares, y ha cambiado el rol del profesor, que ya es un orientador del proceso de aprendizaje.<\/p>\n\n\n<div class=\"wp-block-image\">\n<figure class=\"aligncenter size-full\"><img loading=\"lazy\" decoding=\"async\" width=\"802\" height=\"447\" src=\"https:\/\/images.panoramatv.com.do\/wp-content\/uploads\/2025\/07\/572d5a81-2c6d-4556-8a0b-9f9ef80d0449.jpg\" alt=\"\" class=\"wp-image-18003\"\/><\/figure>\n<\/div>\n\n\n<p>\u201cPero no est\u00e1bamos terminando de estar avanzando en ese proceso cuando lleg\u00f3 la inteligencia artificial y el chat GPT. Y esto nos obliga a algunos aspectos, como t\u00fa preguntaste, que son importantes. Primero, no negarnos a la entrada de la tecnolog\u00eda\u201d, agreg\u00f3.<\/p>\n\n\n\n<p>Consider\u00f3 que la educaci\u00f3n debe ir a la misma velocidad que va la sociedad porque si no se queda como parada en una esquina como se manifiesta ver a un el tren que le pasa por al lado.<\/p>\n\n\n\n<p>\u201cLos carros cambian, los celulares cambian, la tecnolog\u00eda va muy r\u00e1pido, usted no acaba de aprenderse bien lo que hace un celular, llega uno nuevo, las c\u00e1maras, todo va muy r\u00e1pido, pero nosotros creemos, los educadores, que la educaci\u00f3n no va a la misma velocidad\u201d, argument\u00f3.<\/p>\n\n\n\n<p>Plantea que los profesores y las profesoras se han dado cuenta que no pueden seguir ense\u00f1ando como lo hac\u00edan hace 30 a\u00f1os porque ha cambiado la mente de los estudiantes, de la sociedad y la data que se est\u00e1 analizando.<\/p>\n\n\n\n<p>\u201cDe tal manera que lleg\u00f3, por ejemplo, la semipresencialidad, lleg\u00f3 la virtualidad a trav\u00e9s de la tecnolog\u00eda. Hay mucha gente que no lo recuerda, pero los que somos un poquito mayores, antes se daba clase por correspondencia\u201d, contextualiza.<\/p>\n\n\n\n<p>Sostiene que la tecnolog\u00eda acerca a la gente a la velocidad donde se recibe la pregunta y damos la respuesta de inmediato.<\/p>\n\n\n\n<p>\u201cUsted puede usar el chat GPT, puede usar la inteligencia artificial, pero al final el profesor tiene que saber cu\u00e1l es su opini\u00f3n sobre el problema\u201d, acot\u00f3.<\/p>\n\n\n\n<p>Afirma que la UASD est\u00e1 abocada a grandes retos en el avance de la ense\u00f1anza<\/p>\n\n\n\n<p>El candidato a rector de la Universidad Aut\u00f3noma de Santo Domingo (UASD), doctor Jorge Asjana David, afirm\u00f3 que la academia estatal actualmente est\u00e1 abocada a grandes retos vinculados con el redise\u00f1o curricular por competencias, la revisi\u00f3n de su estatuto org\u00e1nico y los reglamentos.<\/p>\n\n\n<div class=\"wp-block-image\">\n<figure class=\"aligncenter size-full\"><img loading=\"lazy\" decoding=\"async\" width=\"787\" height=\"444\" src=\"https:\/\/images.panoramatv.com.do\/wp-content\/uploads\/2025\/07\/c7d1fe2b-9157-461b-ac9e-eae7176acb44.jpg\" alt=\"\" class=\"wp-image-18001\"\/><\/figure>\n<\/div>","protected":false},"excerpt":{"rendered":"<p>\u201cEl profesor tiene que saber manejar la inteligencia artificial en el aula\u201d El candidato a rector afirma que la UASD est\u00e1 abocada a grandes retos en el avance de la ense\u00f1anza El candidato a rector de la Universidad Aut\u00f3noma de Santo Domingo (UASD), doctor Jorge Asjana David, advirti\u00f3 que no hay manera de parar la [&hellip;]<\/p>\n","protected":false},"author":1,"featured_media":18002,"comment_status":"open","ping_status":"open","sticky":false,"template":"","format":"standard","meta":{"_jetpack_memberships_contains_paid_content":false,"footnotes":"","jetpack_publicize_message":"","jetpack_publicize_feature_enabled":true,"jetpack_social_post_already_shared":true,"jetpack_social_options":{"image_generator_settings":{"template":"highway","enabled":false}}},"categories":[1],"tags":[],"class_list":["post-18000","post","type-post","status-publish","format-standard","has-post-thumbnail","hentry","category-actualidad"],"jetpack_publicize_connections":[],"jetpack_sharing_enabled":true,"jetpack_featured_media_url":"https:\/\/images.panoramatv.com.do\/wp-content\/uploads\/2025\/07\/0f7df51f-902d-40a0-9569-71a702a0be4b.jpg","jetpack_likes_enabled":true,"jetpack-related-posts":[],"_links":{"self":[{"href":"https:\/\/panoramatv.com.do\/index.php\/wp-json\/wp\/v2\/posts\/18000","targetHints":{"allow":["GET"]}}],"collection":[{"href":"https:\/\/panoramatv.com.do\/index.php\/wp-json\/wp\/v2\/posts"}],"about":[{"href":"https:\/\/panoramatv.com.do\/index.php\/wp-json\/wp\/v2\/types\/post"}],"author":[{"embeddable":true,"href":"https:\/\/panoramatv.com.do\/index.php\/wp-json\/wp\/v2\/users\/1"}],"replies":[{"embeddable":true,"href":"https:\/\/panoramatv.com.do\/index.php\/wp-json\/wp\/v2\/comments?post=18000"}],"version-history":[{"count":0,"href":"https:\/\/panoramatv.com.do\/index.php\/wp-json\/wp\/v2\/posts\/18000\/revisions"}],"wp:featuredmedia":[{"embeddable":true,"href":"https:\/\/panoramatv.com.do\/index.php\/wp-json\/wp\/v2\/media\/18002"}],"wp:attachment":[{"href":"https:\/\/panoramatv.com.do\/index.php\/wp-json\/wp\/v2\/media?parent=18000"}],"wp:term":[{"taxonomy":"category","embeddable":true,"href":"https:\/\/panoramatv.com.do\/index.php\/wp-json\/wp\/v2\/categories?post=18000"},{"taxonomy":"post_tag","embeddable":true,"href":"https:\/\/panoramatv.com.do\/index.php\/wp-json\/wp\/v2\/tags?post=18000"}],"curies":[{"name":"wp","href":"https:\/\/api.w.org\/{rel}","templated":true}]}}