{"id":17996,"date":"2025-07-28T09:33:38","date_gmt":"2025-07-28T13:33:38","guid":{"rendered":"https:\/\/panoramatv.com.do\/?p=17996"},"modified":"2025-07-28T09:33:40","modified_gmt":"2025-07-28T13:33:40","slug":"alcaldia-del-dn-lleva-operativo-de-limpieza-a-ciudad-nueva-y-ciudad-colonial","status":"publish","type":"post","link":"https:\/\/panoramatv.com.do\/index.php\/2025\/07\/28\/alcaldia-del-dn-lleva-operativo-de-limpieza-a-ciudad-nueva-y-ciudad-colonial\/","title":{"rendered":"Alcald\u00eda del DN lleva operativo de limpieza a Ciudad Nueva y Ciudad Colonial"},"content":{"rendered":"\n<p>Santo Domingo, DN &#8211; La Alcald\u00eda del Distrito Nacional llev\u00f3 a cabo un operativo de limpieza en Ciudad Nueva y la Ciudad Colonial, con la finalidad asear puntos espec\u00edficos de ambos sectores.<\/p>\n\n\n\n<p>La iniciativa, desarrollada bajo las directrices de Carolina Mej\u00eda, fue encabezada por una brigada con varios camiones de la Direcci\u00f3n de Aseo Urbano del cabildo que realiz\u00f3 recogida de desechos y limpieza profunda.<\/p>\n\n\n\n<p>El operativo abarc\u00f3 las calles El N\u00famero, Pina, Jos\u00e9 Gabriel Garc\u00eda, Beller, La Estrelleta, La Damas, la avenida Independencia en este tramo y los parques Montesino y Miguel de Cervantes.<\/p>\n\n\n\n<p>En las \u00faltimas semanas, la Alcald\u00eda del Distrito Nacional ha ejecutado una serie de operativos en los que ha impactado a Villa Juana, San Carlos, Cristo Rey y Arroyo Hondo.<\/p>\n\n\n\n<p>Estas medidas reafirman el compromiso del cabildo de llevar bienestar a los capitale\u00f1os a trav\u00e9s del orden y la limpieza.<\/p>\n\n\n\n<figure class=\"wp-block-gallery has-nested-images columns-default is-cropped wp-block-gallery-1 is-layout-flex wp-block-gallery-is-layout-flex\">\n<figure class=\"wp-block-image size-large\"><img loading=\"lazy\" decoding=\"async\" width=\"1200\" height=\"1599\" data-id=\"17998\" src=\"https:\/\/images.panoramatv.com.do\/wp-content\/uploads\/2025\/07\/c02f4108-029f-4618-9b6d-25af0d4cbaf1.jpg\" alt=\"\" class=\"wp-image-17998\"\/><\/figure>\n\n\n\n<figure class=\"wp-block-image size-large\"><img loading=\"lazy\" decoding=\"async\" width=\"1290\" height=\"968\" data-id=\"17997\" src=\"https:\/\/images.panoramatv.com.do\/wp-content\/uploads\/2025\/07\/ad705bb1-561d-4935-9561-adc6547e5be0.jpg\" alt=\"\" class=\"wp-image-17997\"\/><\/figure>\n<\/figure>\n","protected":false},"excerpt":{"rendered":"<p>Santo Domingo, DN &#8211; La Alcald\u00eda del Distrito Nacional llev\u00f3 a cabo un operativo de limpieza en Ciudad Nueva y la Ciudad Colonial, con la finalidad asear puntos espec\u00edficos de ambos sectores. La iniciativa, desarrollada bajo las directrices de Carolina Mej\u00eda, fue encabezada por una brigada con varios camiones de la Direcci\u00f3n de Aseo Urbano [&hellip;]<\/p>\n","protected":false},"author":1,"featured_media":17998,"comment_status":"open","ping_status":"open","sticky":false,"template":"","format":"standard","meta":{"_jetpack_memberships_contains_paid_content":false,"footnotes":"","jetpack_publicize_message":"","jetpack_publicize_feature_enabled":true,"jetpack_social_post_already_shared":true,"jetpack_social_options":{"image_generator_settings":{"template":"highway","enabled":false}}},"categories":[2795],"tags":[176],"class_list":["post-17996","post","type-post","status-publish","format-standard","has-post-thumbnail","hentry","category-alcaldia-distrito-nacional","tag-alcaldia-sdn"],"jetpack_publicize_connections":[],"jetpack_sharing_enabled":true,"jetpack_featured_media_url":"https:\/\/images.panoramatv.com.do\/wp-content\/uploads\/2025\/07\/c02f4108-029f-4618-9b6d-25af0d4cbaf1.jpg","jetpack_likes_enabled":true,"jetpack-related-posts":[],"_links":{"self":[{"href":"https:\/\/panoramatv.com.do\/index.php\/wp-json\/wp\/v2\/posts\/17996","targetHints":{"allow":["GET"]}}],"collection":[{"href":"https:\/\/panoramatv.com.do\/index.php\/wp-json\/wp\/v2\/posts"}],"about":[{"href":"https:\/\/panoramatv.com.do\/index.php\/wp-json\/wp\/v2\/types\/post"}],"author":[{"embeddable":true,"href":"https:\/\/panoramatv.com.do\/index.php\/wp-json\/wp\/v2\/users\/1"}],"replies":[{"embeddable":true,"href":"https:\/\/panoramatv.com.do\/index.php\/wp-json\/wp\/v2\/comments?post=17996"}],"version-history":[{"count":0,"href":"https:\/\/panoramatv.com.do\/index.php\/wp-json\/wp\/v2\/posts\/17996\/revisions"}],"wp:featuredmedia":[{"embeddable":true,"href":"https:\/\/panoramatv.com.do\/index.php\/wp-json\/wp\/v2\/media\/17998"}],"wp:attachment":[{"href":"https:\/\/panoramatv.com.do\/index.php\/wp-json\/wp\/v2\/media?parent=17996"}],"wp:term":[{"taxonomy":"category","embeddable":true,"href":"https:\/\/panoramatv.com.do\/index.php\/wp-json\/wp\/v2\/categories?post=17996"},{"taxonomy":"post_tag","embeddable":true,"href":"https:\/\/panoramatv.com.do\/index.php\/wp-json\/wp\/v2\/tags?post=17996"}],"curies":[{"name":"wp","href":"https:\/\/api.w.org\/{rel}","templated":true}]}}