{"id":17990,"date":"2025-07-28T09:25:39","date_gmt":"2025-07-28T13:25:39","guid":{"rendered":"https:\/\/panoramatv.com.do\/?p=17990"},"modified":"2025-07-28T09:25:41","modified_gmt":"2025-07-28T13:25:41","slug":"turismo-en-cada-rincon-se-dejara-sentir-en-la-provincia-de-dajabon","status":"publish","type":"post","link":"https:\/\/panoramatv.com.do\/index.php\/2025\/07\/28\/turismo-en-cada-rincon-se-dejara-sentir-en-la-provincia-de-dajabon\/","title":{"rendered":"Turismo en Cada Rinc\u00f3n se dejar\u00e1 sentir en la provincia de Dajab\u00f3n."},"content":{"rendered":"\n<p><strong>Dajab\u00f3n, RD.&nbsp;<\/strong>\u2013 La provincia de Dajab\u00f3n ser\u00e1 la nueva protagonista de \u201cTurismo en Cada Rinc\u00f3n\u201d, los d\u00edas 02 y 03 de agosto del presente a\u00f1o, una plataforma impulsada por el Ministerio de Turismo para la promoci\u00f3n y fomento al turismo interno.<\/p>\n\n\n\n<p>Esta acci\u00f3n tiene como objetivo articular todas las ofertas tur\u00edsticas de la comunidad, integrando los sectores que componen la provincia de Dajab\u00f3n, resaltando sus atractivos tur\u00edsticos y el potencial del destino.<\/p>\n\n\n\n<p>Turismo en Cada Rinc\u00f3n implementa una estrategia integral para dar visibilidad a nivel local y promover, tanto nacional como internacionalmente, los principales atractivos tur\u00edsticos, culturales e hist\u00f3ricos de la provincia. Esto incluye ecoturismo, historia, culinaria y la cultura que caracteriza la provincia.<\/p>\n\n\n\n<p>El evento tambi\u00e9n promete tener un impacto significativo en la econom\u00eda naranja, beneficiando sectores como el transporte, la agricultura, el hoteler\u00eda, el comercio, as\u00ed como la industria de alimentos y bebidas de las localidades participantes.<\/p>\n\n\n\n<p>Esta edici\u00f3n contar\u00e1 con exposiciones locales que destacan el folklore y el arte de los dajaboneros, as\u00ed como una vibrante agenda de actividades art\u00edsticas y culturales.<\/p>\n\n\n<div class=\"wp-block-image\">\n<figure class=\"aligncenter size-full\"><img loading=\"lazy\" decoding=\"async\" width=\"1110\" height=\"555\" src=\"https:\/\/images.panoramatv.com.do\/wp-content\/uploads\/2025\/07\/0-2-1.png\" alt=\"\" class=\"wp-image-17991\"\/><figcaption class=\"wp-element-caption\">Turismo en Cada Rinc\u00f3n se dejar\u00e1 sentir en la provincia de Dajab\u00f3n.<\/figcaption><\/figure>\n<\/div>","protected":false},"excerpt":{"rendered":"<p>Dajab\u00f3n, RD.&nbsp;\u2013 La provincia de Dajab\u00f3n ser\u00e1 la nueva protagonista de \u201cTurismo en Cada Rinc\u00f3n\u201d, los d\u00edas 02 y 03 de agosto del presente a\u00f1o, una plataforma impulsada por el Ministerio de Turismo para la promoci\u00f3n y fomento al turismo interno. Esta acci\u00f3n tiene como objetivo articular todas las ofertas tur\u00edsticas de la comunidad, integrando [&hellip;]<\/p>\n","protected":false},"author":1,"featured_media":17991,"comment_status":"open","ping_status":"open","sticky":false,"template":"","format":"standard","meta":{"_jetpack_memberships_contains_paid_content":false,"footnotes":"","jetpack_publicize_message":"","jetpack_publicize_feature_enabled":true,"jetpack_social_post_already_shared":true,"jetpack_social_options":{"image_generator_settings":{"template":"highway","enabled":false}}},"categories":[2804],"tags":[77],"class_list":["post-17990","post","type-post","status-publish","format-standard","has-post-thumbnail","hentry","category-destino-turistico","tag-turismo"],"jetpack_publicize_connections":[],"jetpack_sharing_enabled":true,"jetpack_featured_media_url":"https:\/\/images.panoramatv.com.do\/wp-content\/uploads\/2025\/07\/0-2-1.png","jetpack_likes_enabled":true,"jetpack-related-posts":[],"_links":{"self":[{"href":"https:\/\/panoramatv.com.do\/index.php\/wp-json\/wp\/v2\/posts\/17990","targetHints":{"allow":["GET"]}}],"collection":[{"href":"https:\/\/panoramatv.com.do\/index.php\/wp-json\/wp\/v2\/posts"}],"about":[{"href":"https:\/\/panoramatv.com.do\/index.php\/wp-json\/wp\/v2\/types\/post"}],"author":[{"embeddable":true,"href":"https:\/\/panoramatv.com.do\/index.php\/wp-json\/wp\/v2\/users\/1"}],"replies":[{"embeddable":true,"href":"https:\/\/panoramatv.com.do\/index.php\/wp-json\/wp\/v2\/comments?post=17990"}],"version-history":[{"count":0,"href":"https:\/\/panoramatv.com.do\/index.php\/wp-json\/wp\/v2\/posts\/17990\/revisions"}],"wp:featuredmedia":[{"embeddable":true,"href":"https:\/\/panoramatv.com.do\/index.php\/wp-json\/wp\/v2\/media\/17991"}],"wp:attachment":[{"href":"https:\/\/panoramatv.com.do\/index.php\/wp-json\/wp\/v2\/media?parent=17990"}],"wp:term":[{"taxonomy":"category","embeddable":true,"href":"https:\/\/panoramatv.com.do\/index.php\/wp-json\/wp\/v2\/categories?post=17990"},{"taxonomy":"post_tag","embeddable":true,"href":"https:\/\/panoramatv.com.do\/index.php\/wp-json\/wp\/v2\/tags?post=17990"}],"curies":[{"name":"wp","href":"https:\/\/api.w.org\/{rel}","templated":true}]}}