{"id":17981,"date":"2025-07-28T09:18:26","date_gmt":"2025-07-28T13:18:26","guid":{"rendered":"https:\/\/panoramatv.com.do\/?p=17981"},"modified":"2025-07-28T09:18:28","modified_gmt":"2025-07-28T13:18:28","slug":"ministro-collado-deja-iniciados-trabajos-reconstruccion-via-acceso-playa-teco-puerto-plata","status":"publish","type":"post","link":"https:\/\/panoramatv.com.do\/index.php\/2025\/07\/28\/ministro-collado-deja-iniciados-trabajos-reconstruccion-via-acceso-playa-teco-puerto-plata\/","title":{"rendered":"Ministro Collado deja iniciados trabajos reconstrucci\u00f3n v\u00eda acceso playa Teco, Puerto Plata"},"content":{"rendered":"\n<p><strong>Maim\u00f3n, Puerto Plata.<\/strong>&nbsp;&#8211; El ministro de Turismo, David Collado, dej\u00f3 iniciado este lunes los trabajos de reconstrucci\u00f3n de la v\u00eda de acceso a la Playa Teco, en el distrito municipal de Maim\u00f3n, provincia Puerto Plata, con una inversi\u00f3n superior a los117 millones de pesos.<\/p>\n\n\n\n<p>La obra consiste en la reconstrucci\u00f3n de la v\u00eda de acceso de 3.20 kil\u00f3metros de longitud y un ancho vial de ocho metros, as\u00ed como el saneamiento del \u00e1rea total de la caja de v\u00eda, mejora de estructura de pavimento con pedrapl\u00e9n y con estabilizaci\u00f3n suelo-cemento.<\/p>\n\n\n\n<p>Tambi\u00e9n, incluye, la construcci\u00f3n de 4 kil\u00f3metros de cunetas, mejora de sistema drenaje pluvial, reconstrucci\u00f3n cabezales alcantarillas existentes, limpieza y encache en ca\u00f1adas y se\u00f1alizaci\u00f3n horizontal y vertical.<\/p>\n\n\n\n<p>El ministro David Collado dijo que la obra impulsar\u00e1 el turismo en la zona y mejorar\u00e1 las condiciones de vida de sus residentes.<\/p>\n\n\n\n<p>\u00abCreemos en un turismo sostenible, que impacte de manera directa en las comunidades y en sus residentes\u00bb, expres\u00f3 Collado.<\/p>\n\n\n\n<p>La v\u00eda de acceso conocida con el nombre de Guzmancito, en el distrito municipal Maim\u00f3n, Puerto Plata, camino a la reconocida Playa Teco, tiene un prop\u00f3sito de naturaleza social, orientada a resolver una problem\u00e1tica de mal estado de estado de la v\u00eda.&nbsp;<\/p>\n\n\n<div class=\"wp-block-image\">\n<figure class=\"aligncenter size-full\"><img loading=\"lazy\" decoding=\"async\" width=\"1101\" height=\"604\" src=\"https:\/\/images.panoramatv.com.do\/wp-content\/uploads\/2025\/07\/0-34-18.jpg\" alt=\"\" class=\"wp-image-17982\"\/><figcaption class=\"wp-element-caption\">Ministro Collado deja iniciados trabajos reconstrucci\u00f3n v\u00eda acceso playa Teco, Puerto Plata<\/figcaption><\/figure><\/div>","protected":false},"excerpt":{"rendered":"<p>Maim\u00f3n, Puerto Plata.&nbsp;&#8211; El ministro de Turismo, David Collado, dej\u00f3 iniciado este lunes los trabajos de reconstrucci\u00f3n de la v\u00eda de acceso a la Playa Teco, en el distrito municipal de Maim\u00f3n, provincia Puerto Plata, con una inversi\u00f3n superior a los117 millones de pesos. La obra consiste en la reconstrucci\u00f3n de la v\u00eda de acceso [&hellip;]<\/p>\n","protected":false},"author":1,"featured_media":17982,"comment_status":"open","ping_status":"open","sticky":false,"template":"","format":"standard","meta":{"_jetpack_memberships_contains_paid_content":false,"footnotes":"","jetpack_publicize_message":"","jetpack_publicize_feature_enabled":true,"jetpack_social_post_already_shared":true,"jetpack_social_options":{"image_generator_settings":{"template":"highway","enabled":false}}},"categories":[44],"tags":[77],"class_list":["post-17981","post","type-post","status-publish","format-standard","has-post-thumbnail","hentry","category-panorama-turistico","tag-turismo"],"jetpack_publicize_connections":[],"jetpack_sharing_enabled":true,"jetpack_featured_media_url":"https:\/\/images.panoramatv.com.do\/wp-content\/uploads\/2025\/07\/0-34-18.jpg","jetpack_likes_enabled":true,"jetpack-related-posts":[],"_links":{"self":[{"href":"https:\/\/panoramatv.com.do\/index.php\/wp-json\/wp\/v2\/posts\/17981"}],"collection":[{"href":"https:\/\/panoramatv.com.do\/index.php\/wp-json\/wp\/v2\/posts"}],"about":[{"href":"https:\/\/panoramatv.com.do\/index.php\/wp-json\/wp\/v2\/types\/post"}],"author":[{"embeddable":true,"href":"https:\/\/panoramatv.com.do\/index.php\/wp-json\/wp\/v2\/users\/1"}],"replies":[{"embeddable":true,"href":"https:\/\/panoramatv.com.do\/index.php\/wp-json\/wp\/v2\/comments?post=17981"}],"version-history":[{"count":0,"href":"https:\/\/panoramatv.com.do\/index.php\/wp-json\/wp\/v2\/posts\/17981\/revisions"}],"wp:featuredmedia":[{"embeddable":true,"href":"https:\/\/panoramatv.com.do\/index.php\/wp-json\/wp\/v2\/media\/17982"}],"wp:attachment":[{"href":"https:\/\/panoramatv.com.do\/index.php\/wp-json\/wp\/v2\/media?parent=17981"}],"wp:term":[{"taxonomy":"category","embeddable":true,"href":"https:\/\/panoramatv.com.do\/index.php\/wp-json\/wp\/v2\/categories?post=17981"},{"taxonomy":"post_tag","embeddable":true,"href":"https:\/\/panoramatv.com.do\/index.php\/wp-json\/wp\/v2\/tags?post=17981"}],"curies":[{"name":"wp","href":"https:\/\/api.w.org\/{rel}","templated":true}]}}