{"id":17978,"date":"2025-07-28T09:08:33","date_gmt":"2025-07-28T13:08:33","guid":{"rendered":"https:\/\/panoramatv.com.do\/?p=17978"},"modified":"2025-07-28T09:08:35","modified_gmt":"2025-07-28T13:08:35","slug":"turismo-pospone-para-el-9-de-agosto-su-novedoso-proyecto-ritmo-de-la-costa","status":"publish","type":"post","link":"https:\/\/panoramatv.com.do\/index.php\/2025\/07\/28\/turismo-pospone-para-el-9-de-agosto-su-novedoso-proyecto-ritmo-de-la-costa\/","title":{"rendered":"Turismo pospone para el 9 de agosto su novedoso proyecto Ritmo de la Costa"},"content":{"rendered":"\n<p><strong>Santo Domingo Este,\u2013&nbsp;<\/strong>El Ministerio de Turismo pospuso para el 9 de agosto el inicio de su nueva plataforma de promoci\u00f3n \u201cRitmo de la Costa\u201d que se extender\u00e1 hasta el 29 de noviembre en diferentes provincias del pa\u00eds.<\/p>\n\n\n\n<p>El prop\u00f3sito principal de \u201cRitmo de la Costa\u201d es fomentar el turismo local, dotando a las comunidades de atractivas experiencias culturales y art\u00edsticas, y al mismo tiempo estimular y promover el merengue, reconocido como Patrimonio Inmaterial de la Humanidad.<\/p>\n\n\n\n<p>A trav\u00e9s de activaciones mensuales, que se realizar\u00e1n el \u00faltimo s\u00e1bado de cada mes, se busca tambi\u00e9n resaltar la importancia de los espacios p\u00fablicos y fomentar la cohesi\u00f3n social en cada uno de los destinos involucrados.<\/p>\n\n\n\n<p>La novedosa iniciativa arranca el s\u00e1bado 9 de agosto en el malec\u00f3n del municipio Santo Domingo Este, con la presentaci\u00f3n de To\u00f1o Rosario.<\/p>\n\n\n\n<p>A trav\u00e9s de \u201cRitmo de la Costa\u201d se busca destacar la riqueza cultural del pa\u00eds y proporcionar a visitantes, nacionales y extranjeros, experiencias memorables que fortalezcan el aprecio por nuestra m\u00fasica y tradiciones.<\/p>\n\n\n<div class=\"wp-block-image\">\n<figure class=\"aligncenter size-full\"><img loading=\"lazy\" decoding=\"async\" width=\"1074\" height=\"604\" src=\"https:\/\/images.panoramatv.com.do\/wp-content\/uploads\/2025\/07\/0-2.png\" alt=\"\" class=\"wp-image-17979\"\/><figcaption class=\"wp-element-caption\">Turismo pospone para el 9 de agosto su novedoso proyecto Ritmo de la Costa<\/figcaption><\/figure><\/div>","protected":false},"excerpt":{"rendered":"<p>Santo Domingo Este,\u2013&nbsp;El Ministerio de Turismo pospuso para el 9 de agosto el inicio de su nueva plataforma de promoci\u00f3n \u201cRitmo de la Costa\u201d que se extender\u00e1 hasta el 29 de noviembre en diferentes provincias del pa\u00eds. El prop\u00f3sito principal de \u201cRitmo de la Costa\u201d es fomentar el turismo local, dotando a las comunidades de [&hellip;]<\/p>\n","protected":false},"author":1,"featured_media":17979,"comment_status":"open","ping_status":"open","sticky":false,"template":"","format":"standard","meta":{"_jetpack_memberships_contains_paid_content":false,"footnotes":"","jetpack_publicize_message":"","jetpack_publicize_feature_enabled":true,"jetpack_social_post_already_shared":true,"jetpack_social_options":{"image_generator_settings":{"template":"highway","enabled":false}}},"categories":[44],"tags":[77],"class_list":["post-17978","post","type-post","status-publish","format-standard","has-post-thumbnail","hentry","category-panorama-turistico","tag-turismo"],"jetpack_publicize_connections":[],"jetpack_sharing_enabled":true,"jetpack_featured_media_url":"https:\/\/images.panoramatv.com.do\/wp-content\/uploads\/2025\/07\/0-2.png","jetpack_likes_enabled":true,"jetpack-related-posts":[],"_links":{"self":[{"href":"https:\/\/panoramatv.com.do\/index.php\/wp-json\/wp\/v2\/posts\/17978"}],"collection":[{"href":"https:\/\/panoramatv.com.do\/index.php\/wp-json\/wp\/v2\/posts"}],"about":[{"href":"https:\/\/panoramatv.com.do\/index.php\/wp-json\/wp\/v2\/types\/post"}],"author":[{"embeddable":true,"href":"https:\/\/panoramatv.com.do\/index.php\/wp-json\/wp\/v2\/users\/1"}],"replies":[{"embeddable":true,"href":"https:\/\/panoramatv.com.do\/index.php\/wp-json\/wp\/v2\/comments?post=17978"}],"version-history":[{"count":0,"href":"https:\/\/panoramatv.com.do\/index.php\/wp-json\/wp\/v2\/posts\/17978\/revisions"}],"wp:featuredmedia":[{"embeddable":true,"href":"https:\/\/panoramatv.com.do\/index.php\/wp-json\/wp\/v2\/media\/17979"}],"wp:attachment":[{"href":"https:\/\/panoramatv.com.do\/index.php\/wp-json\/wp\/v2\/media?parent=17978"}],"wp:term":[{"taxonomy":"category","embeddable":true,"href":"https:\/\/panoramatv.com.do\/index.php\/wp-json\/wp\/v2\/categories?post=17978"},{"taxonomy":"post_tag","embeddable":true,"href":"https:\/\/panoramatv.com.do\/index.php\/wp-json\/wp\/v2\/tags?post=17978"}],"curies":[{"name":"wp","href":"https:\/\/api.w.org\/{rel}","templated":true}]}}