{"id":17811,"date":"2025-07-04T10:09:11","date_gmt":"2025-07-04T14:09:11","guid":{"rendered":"https:\/\/panoramatv.com.do\/?p=17811"},"modified":"2025-07-04T10:09:13","modified_gmt":"2025-07-04T14:09:13","slug":"rutas-alternas-por-restriccion-de-giros-en-av-lope-de-vega","status":"publish","type":"post","link":"https:\/\/panoramatv.com.do\/index.php\/2025\/07\/04\/rutas-alternas-por-restriccion-de-giros-en-av-lope-de-vega\/","title":{"rendered":"Rutas alternas por restricci\u00f3n de giros en Av. Lope de Vega"},"content":{"rendered":"\n<p><strong>Santo Domingo<\/strong>. \u2013 Como parte de la Fase 1 de la nueva estrategia para la gesti\u00f3n del tr\u00e1nsito \u201cRD Se Mueve\u201d, el Gabinete de Transporte anunci\u00f3 que, a partir del domingo 6 de julio, quedar\u00e1n restringidos los giros a la izquierda en tres intersecciones clave de la avenida Lope de Vega, en el Distrito Nacional.&nbsp;<\/p>\n\n\n\n<p>Los cruces donde se aplicar\u00e1n las restricciones son: Lope de Vega con calle Padre Fantino Falco, Lope de Vega con Gustavo Mej\u00eda Ricart y Lope de Vega con calle Max Henr\u00edquez Ure\u00f1a.&nbsp;<\/p>\n\n\n\n<p>Para facilitar la movilidad y mantener la conectividad, el Gabinete de Transporte ha dispuesto rutas alternas previamente evaluadas, que ser\u00e1n debidamente se\u00f1alizadas y contar\u00e1n con acompa\u00f1amiento t\u00e9cnico y operativo.<\/p>\n\n\n\n<p>Entre los trayectos recomendados, los conductores que necesiten acceder a la calle Padre Fantino Falco desde el sur de la Lope de Vega giran a la derecha en la avenida Gustavo Mej\u00eda Ricart, tomar la calle Siervas de Mar\u00eda y entrar a Fantino Falco desde el lado este.&nbsp;<\/p>\n\n\n<div class=\"wp-block-image\">\n<figure class=\"aligncenter size-full is-resized\"><img decoding=\"async\" src=\"https:\/\/xco-images.nyc3.digitaloceanspaces.com\/panoramatv.com.do\/wp-content\/uploads\/2025\/07\/DDD.png\" alt=\"\" class=\"wp-image-17814\" style=\"width:935px;height:auto\"\/><figcaption class=\"wp-element-caption\">Rutas alternas por restricci\u00f3n de giros en Av. Lope de Vega<\/figcaption><\/figure>\n<\/div>\n\n\n<p><\/p>\n","protected":false},"excerpt":{"rendered":"<p>Santo Domingo. \u2013 Como parte de la Fase 1 de la nueva estrategia para la gesti\u00f3n del tr\u00e1nsito \u201cRD Se Mueve\u201d, el Gabinete de Transporte anunci\u00f3 que, a partir del domingo 6 de julio, quedar\u00e1n restringidos los giros a la izquierda en tres intersecciones clave de la avenida Lope de Vega, en el Distrito Nacional.&nbsp; [&hellip;]<\/p>\n","protected":false},"author":1,"featured_media":17814,"comment_status":"open","ping_status":"open","sticky":false,"template":"","format":"standard","meta":{"_jetpack_memberships_contains_paid_content":false,"footnotes":"","jetpack_publicize_message":"","jetpack_publicize_feature_enabled":true,"jetpack_social_post_already_shared":true,"jetpack_social_options":{"image_generator_settings":{"template":"highway","enabled":false}}},"categories":[1],"tags":[92],"class_list":["post-17811","post","type-post","status-publish","format-standard","has-post-thumbnail","hentry","category-actualidad","tag-intrant"],"jetpack_publicize_connections":[],"jetpack_sharing_enabled":true,"jetpack_featured_media_url":"https:\/\/panoramatv.com.do\/wp-content\/uploads\/2025\/07\/DDD.png","jetpack_likes_enabled":true,"jetpack-related-posts":[],"_links":{"self":[{"href":"https:\/\/panoramatv.com.do\/index.php\/wp-json\/wp\/v2\/posts\/17811","targetHints":{"allow":["GET"]}}],"collection":[{"href":"https:\/\/panoramatv.com.do\/index.php\/wp-json\/wp\/v2\/posts"}],"about":[{"href":"https:\/\/panoramatv.com.do\/index.php\/wp-json\/wp\/v2\/types\/post"}],"author":[{"embeddable":true,"href":"https:\/\/panoramatv.com.do\/index.php\/wp-json\/wp\/v2\/users\/1"}],"replies":[{"embeddable":true,"href":"https:\/\/panoramatv.com.do\/index.php\/wp-json\/wp\/v2\/comments?post=17811"}],"version-history":[{"count":0,"href":"https:\/\/panoramatv.com.do\/index.php\/wp-json\/wp\/v2\/posts\/17811\/revisions"}],"wp:featuredmedia":[{"embeddable":true,"href":"https:\/\/panoramatv.com.do\/index.php\/wp-json\/wp\/v2\/media\/17814"}],"wp:attachment":[{"href":"https:\/\/panoramatv.com.do\/index.php\/wp-json\/wp\/v2\/media?parent=17811"}],"wp:term":[{"taxonomy":"category","embeddable":true,"href":"https:\/\/panoramatv.com.do\/index.php\/wp-json\/wp\/v2\/categories?post=17811"},{"taxonomy":"post_tag","embeddable":true,"href":"https:\/\/panoramatv.com.do\/index.php\/wp-json\/wp\/v2\/tags?post=17811"}],"curies":[{"name":"wp","href":"https:\/\/api.w.org\/{rel}","templated":true}]}}