{"id":17709,"date":"2025-06-18T11:30:06","date_gmt":"2025-06-18T15:30:06","guid":{"rendered":"https:\/\/panoramatv.com.do\/?p=17709"},"modified":"2025-06-18T11:30:07","modified_gmt":"2025-06-18T15:30:07","slug":"factor-de-exito-realiza-su-v-conversatorio-rem-2025-convergencia-por-la-innovacion-y-sostenibilidad","status":"publish","type":"post","link":"https:\/\/panoramatv.com.do\/index.php\/2025\/06\/18\/factor-de-exito-realiza-su-v-conversatorio-rem-2025-convergencia-por-la-innovacion-y-sostenibilidad\/","title":{"rendered":"Factor de \u00c9xito realiza su V Conversatorio REM 2025: Convergencia por la Innovaci\u00f3n y Sostenibilidad"},"content":{"rendered":"\n<p>Con la participaci\u00f3n de autoridades, expertos y l\u00edderes empresariales, se realiz\u00f3 exitosamente la quinta edici\u00f3n del evento Recursos Energ\u00e9ticos y Mineros (REM 2025), organizado por Factor de \u00c9xito bajo el lema \u00abConvergencia por la Innovaci\u00f3n y Sostenibilidad\u00bb en el Hotel Intercontinental de Santo Domingo. \u00a0<br>\u00a0<br>Durante la jornada, que se consolid\u00f3 como un punto de encuentro estrat\u00e9gico del sector, se desarrollaron cuatro paneles de alto nivel que promovieron el di\u00e1logo entre el sector p\u00fablico y privado. En sus palabras de apertura, Isabel Cristina Rolo, directora ejecutiva de Factor de \u00c9xito, destac\u00f3 que REM 2025 representa \u00abun espacio donde convergen el conocimiento, la experiencia y una visi\u00f3n compartida de sostenibilidad\u00bb. \u00a0<br>\u00a0<br>El Ministro de Energ\u00eda y Minas, Joel Santos, particip\u00f3 en el evento y resalt\u00f3 los avances en la transformaci\u00f3n del sistema el\u00e9ctrico nacional y el papel creciente del sector minero, destacando la incorporaci\u00f3n de m\u00e1s de 900 megavatios renovables y el potencial de las tierras raras como palanca de desarrollo. \u00a0<br>\u00a0<br>Durante la actividad se abordaron temas clave como eficiencia energ\u00e9tica, transformaci\u00f3n digital, energ\u00edas renovables, almacenamiento, miner\u00eda sostenible, y financiamiento verde. Participaron destacados profesionales y autoridades del sector como Betty Soto, viceministra de Innovaci\u00f3n y Transici\u00f3n Energ\u00e9tica del Ministerio de Energ\u00eda y Minas; Edy Jim\u00e9nez, vicepresidente Comercial en AES Dominicana; Guillermo Estrella Ramia, socio gerente de la firma Estrella &amp; Tupete, Abogados y Rafael B\u00e1ez, director de Procurement y Sostenibilidad en Cervecer\u00eda Nacional Dominicana. \u00a0<\/p>\n\n\n<div class=\"wp-block-image\">\n<figure class=\"aligncenter size-large\"><img decoding=\"async\" src=\"https:\/\/xco-images.nyc3.digitaloceanspaces.com\/panoramatv.com.do\/wp-content\/uploads\/2025\/06\/0-27-1024x695.jpg\" alt=\"\" class=\"wp-image-17710\"\/><figcaption class=\"wp-element-caption\">Factor de \u00c9xito realiza su V Conversatorio REM 2025: Convergencia por la Innovaci\u00f3n y Sostenibilidad<\/figcaption><\/figure>\n<\/div>","protected":false},"excerpt":{"rendered":"<p>Con la participaci\u00f3n de autoridades, expertos y l\u00edderes empresariales, se realiz\u00f3 exitosamente la quinta edici\u00f3n del evento Recursos Energ\u00e9ticos y Mineros (REM 2025), organizado por Factor de \u00c9xito bajo el lema \u00abConvergencia por la Innovaci\u00f3n y Sostenibilidad\u00bb en el Hotel Intercontinental de Santo Domingo. \u00a0\u00a0Durante la jornada, que se consolid\u00f3 como un punto de encuentro [&hellip;]<\/p>\n","protected":false},"author":1,"featured_media":17710,"comment_status":"open","ping_status":"open","sticky":false,"template":"","format":"standard","meta":{"_jetpack_memberships_contains_paid_content":false,"footnotes":"","jetpack_publicize_message":"","jetpack_publicize_feature_enabled":true,"jetpack_social_post_already_shared":true,"jetpack_social_options":{"image_generator_settings":{"template":"highway","enabled":false}}},"categories":[1],"tags":[3586],"class_list":["post-17709","post","type-post","status-publish","format-standard","has-post-thumbnail","hentry","category-actualidad","tag-factor-de-exito"],"jetpack_publicize_connections":[],"jetpack_sharing_enabled":true,"jetpack_featured_media_url":"https:\/\/panoramatv.com.do\/wp-content\/uploads\/2025\/06\/0-27.jpg","jetpack_likes_enabled":true,"jetpack-related-posts":[],"_links":{"self":[{"href":"https:\/\/panoramatv.com.do\/index.php\/wp-json\/wp\/v2\/posts\/17709","targetHints":{"allow":["GET"]}}],"collection":[{"href":"https:\/\/panoramatv.com.do\/index.php\/wp-json\/wp\/v2\/posts"}],"about":[{"href":"https:\/\/panoramatv.com.do\/index.php\/wp-json\/wp\/v2\/types\/post"}],"author":[{"embeddable":true,"href":"https:\/\/panoramatv.com.do\/index.php\/wp-json\/wp\/v2\/users\/1"}],"replies":[{"embeddable":true,"href":"https:\/\/panoramatv.com.do\/index.php\/wp-json\/wp\/v2\/comments?post=17709"}],"version-history":[{"count":0,"href":"https:\/\/panoramatv.com.do\/index.php\/wp-json\/wp\/v2\/posts\/17709\/revisions"}],"wp:featuredmedia":[{"embeddable":true,"href":"https:\/\/panoramatv.com.do\/index.php\/wp-json\/wp\/v2\/media\/17710"}],"wp:attachment":[{"href":"https:\/\/panoramatv.com.do\/index.php\/wp-json\/wp\/v2\/media?parent=17709"}],"wp:term":[{"taxonomy":"category","embeddable":true,"href":"https:\/\/panoramatv.com.do\/index.php\/wp-json\/wp\/v2\/categories?post=17709"},{"taxonomy":"post_tag","embeddable":true,"href":"https:\/\/panoramatv.com.do\/index.php\/wp-json\/wp\/v2\/tags?post=17709"}],"curies":[{"name":"wp","href":"https:\/\/api.w.org\/{rel}","templated":true}]}}