{"id":17705,"date":"2025-06-18T11:27:11","date_gmt":"2025-06-18T15:27:11","guid":{"rendered":"https:\/\/panoramatv.com.do\/?p=17705"},"modified":"2025-06-18T11:27:12","modified_gmt":"2025-06-18T15:27:12","slug":"carolina-es-condecorada-por-guatemala-con-la-medalla-monja-blanca-en-su-primera-clase","status":"publish","type":"post","link":"https:\/\/panoramatv.com.do\/index.php\/2025\/06\/18\/carolina-es-condecorada-por-guatemala-con-la-medalla-monja-blanca-en-su-primera-clase\/","title":{"rendered":"Carolina es condecorada por Guatemala con la medalla Monja Blanca en su primera clase"},"content":{"rendered":"\n<p>El acto de develaci\u00f3n de la flor nacional de la orqu\u00eddea, conocida como Monja Blanca, tuvo lugar la ma\u00f1ana de este martes en la Plaza Rep\u00fablica de Guatemala, ubicada en el Paseo Mar\u00edtimo Malec\u00f3n, lo que representa la amistad pura y sincera entre ambos pa\u00edses.<\/p>\n\n\n\n<p>Carolina Mej\u00eda agradeci\u00f3 la condecoraci\u00f3n recibida junto a otros colaboradores de la alcald\u00eda, resaltando que la dedicaci\u00f3n, el rescate y el mantenimiento otorgado en estos espacios conmemorativos del malec\u00f3n es la coordinaci\u00f3n y apoyo a pa\u00edses hermanos como lo es Guatemala.<\/p>\n\n\n\n<p>\u201cHoy celebramos nuevos lazos de hermandad entre Guatemala y Rep\u00fablica Dominicana junto a la condecoraci\u00f3n de su flor nacional; amablemente nos dispensan la medalla Monja Blanca que recibimos de parte de todos en nuestra alcald\u00eda en reconocimiento al trabajo en conjunto que realizamos por nuestros pa\u00edses\u201d, expres\u00f3 Mej\u00eda.<\/p>\n\n\n\n<p>El general de brigada Edgar Rolando, agregado militar de Guatemala en la Rep\u00fablica Dominicana, agradeci\u00f3 a la alcaldesa y a todo su equipo por el constante apoyo otorgado en cada gesti\u00f3n.<\/p>\n\n\n\n<p>Agreg\u00f3 que esta condecoraci\u00f3n representa una distinci\u00f3n honor\u00edfica otorgada en su pa\u00eds a miembros del ej\u00e9rcito, civiles, nacionales y extranjeros por acciones meritorias de servicio y apoyo al Estado.<\/p>\n\n\n\n<p>Otras de las personalidades condecoradas en la primera clase fueron el ex embajador de Guatemala, Javier Zepeda; el general de brigada Ambiorix Cepeda, ex director de la escuela de Derechos Humanos de la Universidad de Defensa, entre otras personalidades que estuvieron en la segunda clase.<\/p>\n\n\n<div class=\"wp-block-image\">\n<figure class=\"aligncenter size-large\"><img decoding=\"async\" src=\"https:\/\/xco-images.nyc3.digitaloceanspaces.com\/panoramatv.com.do\/wp-content\/uploads\/2025\/06\/0-26-1024x682.jpg\" alt=\"\" class=\"wp-image-17707\"\/><figcaption class=\"wp-element-caption\">Carolina es condecorada por Guatemala con la medalla Monja Blanca en su primera clase<\/figcaption><\/figure>\n<\/div>","protected":false},"excerpt":{"rendered":"<p>El acto de develaci\u00f3n de la flor nacional de la orqu\u00eddea, conocida como Monja Blanca, tuvo lugar la ma\u00f1ana de este martes en la Plaza Rep\u00fablica de Guatemala, ubicada en el Paseo Mar\u00edtimo Malec\u00f3n, lo que representa la amistad pura y sincera entre ambos pa\u00edses. Carolina Mej\u00eda agradeci\u00f3 la condecoraci\u00f3n recibida junto a otros colaboradores [&hellip;]<\/p>\n","protected":false},"author":1,"featured_media":17707,"comment_status":"open","ping_status":"open","sticky":false,"template":"","format":"standard","meta":{"_jetpack_memberships_contains_paid_content":false,"footnotes":"","jetpack_publicize_message":"","jetpack_publicize_feature_enabled":true,"jetpack_social_post_already_shared":true,"jetpack_social_options":{"image_generator_settings":{"template":"highway","enabled":false}}},"categories":[2795],"tags":[176],"class_list":["post-17705","post","type-post","status-publish","format-standard","has-post-thumbnail","hentry","category-alcaldia-distrito-nacional","tag-alcaldia-sdn"],"jetpack_publicize_connections":[],"jetpack_sharing_enabled":true,"jetpack_featured_media_url":"https:\/\/panoramatv.com.do\/wp-content\/uploads\/2025\/06\/0-26.jpg","jetpack_likes_enabled":true,"jetpack-related-posts":[],"_links":{"self":[{"href":"https:\/\/panoramatv.com.do\/index.php\/wp-json\/wp\/v2\/posts\/17705","targetHints":{"allow":["GET"]}}],"collection":[{"href":"https:\/\/panoramatv.com.do\/index.php\/wp-json\/wp\/v2\/posts"}],"about":[{"href":"https:\/\/panoramatv.com.do\/index.php\/wp-json\/wp\/v2\/types\/post"}],"author":[{"embeddable":true,"href":"https:\/\/panoramatv.com.do\/index.php\/wp-json\/wp\/v2\/users\/1"}],"replies":[{"embeddable":true,"href":"https:\/\/panoramatv.com.do\/index.php\/wp-json\/wp\/v2\/comments?post=17705"}],"version-history":[{"count":0,"href":"https:\/\/panoramatv.com.do\/index.php\/wp-json\/wp\/v2\/posts\/17705\/revisions"}],"wp:featuredmedia":[{"embeddable":true,"href":"https:\/\/panoramatv.com.do\/index.php\/wp-json\/wp\/v2\/media\/17707"}],"wp:attachment":[{"href":"https:\/\/panoramatv.com.do\/index.php\/wp-json\/wp\/v2\/media?parent=17705"}],"wp:term":[{"taxonomy":"category","embeddable":true,"href":"https:\/\/panoramatv.com.do\/index.php\/wp-json\/wp\/v2\/categories?post=17705"},{"taxonomy":"post_tag","embeddable":true,"href":"https:\/\/panoramatv.com.do\/index.php\/wp-json\/wp\/v2\/tags?post=17705"}],"curies":[{"name":"wp","href":"https:\/\/api.w.org\/{rel}","templated":true}]}}