{"id":17698,"date":"2025-06-17T16:48:59","date_gmt":"2025-06-17T20:48:59","guid":{"rendered":"https:\/\/panoramatv.com.do\/?p=17698"},"modified":"2025-06-17T16:49:01","modified_gmt":"2025-06-17T20:49:01","slug":"gobierno-presenta-nueva-estrategia-integral-para-la-gestion-del-transito-en-el-gran-santo-domingo","status":"publish","type":"post","link":"https:\/\/panoramatv.com.do\/index.php\/2025\/06\/17\/gobierno-presenta-nueva-estrategia-integral-para-la-gestion-del-transito-en-el-gran-santo-domingo\/","title":{"rendered":"Gobierno presenta nueva estrategia integral para la gesti\u00f3n del tr\u00e1nsito en el Gran Santo Domingo"},"content":{"rendered":"\n<p><strong>Santo Domingo.-&nbsp;<\/strong>El Gobierno dominicano, a trav\u00e9s del Gabinete de Transporte, present\u00f3 hoy la nueva estrategia integral de gesti\u00f3n del tr\u00e1nsito para el Gran Santo Domingo, una iniciativa que marca un punto de inflexi\u00f3n en la manera en que se organiza, regula y optimiza la movilidad en la capital y zonas aleda\u00f1as.<\/p>\n\n\n\n<p>Durante un acto encabezado por el Gabinete de Transporte, se dieron a conocer los ejes prioritarios de esta estrategia, dise\u00f1ada a partir de un riguroso proceso t\u00e9cnico que incluy\u00f3 levantamientos de datos en m\u00e1s de 120 intersecciones, an\u00e1lisis de m\u00e1s de 220 horas de video, encuestas origen-destino en m\u00e1s de 3,000 puntos, y simulaciones de tr\u00e1fico a nivel micro y macro.<\/p>\n\n\n\n<p>El objetivo central de esta nueva etapa es reducir los niveles de congesti\u00f3n, mejorar los tiempos de desplazamiento, reforzar la seguridad vial y optimizar el uso del espacio p\u00fablico, a trav\u00e9s de una combinaci\u00f3n de medidas operativas, normativas, tecnol\u00f3gicas y de planificaci\u00f3n urbana.<\/p>\n\n\n\n<p>Seg\u00fan indic\u00f3 la Ing. Alexandra Cede\u00f1o, directora de Movilidad Sostenible del INTRANT, \u201centre los componentes clave de la estrategia se encuentran el reordenamiento vial en los principales corredores, la optimizaci\u00f3n de la red semaf\u00f3rica, la regulaci\u00f3n del estacionamiento, la gesti\u00f3n horaria de los flujos laborales y escolares, as\u00ed como la implementaci\u00f3n de un nuevo r\u00e9gimen de consecuencias para las infracciones de tr\u00e1nsito, en coordinaci\u00f3n con la Procuradur\u00eda General de la Rep\u00fablica\u201d.<\/p>\n\n\n\n<p>Esta intervenci\u00f3n forma parte de un esfuerzo interinstitucional articulado bajo la direcci\u00f3n del Gabinete de Transporte, con la colaboraci\u00f3n de organismos internacionales, expertos t\u00e9cnicos y representantes del sector privado, y responde al crecimiento acelerado del parque vehicular en el pa\u00eds, que ya supera los seis millones de unidades.<\/p>\n\n\n<div class=\"wp-block-image\">\n<figure class=\"aligncenter size-large\"><img decoding=\"async\" src=\"https:\/\/xco-images.nyc3.digitaloceanspaces.com\/panoramatv.com.do\/wp-content\/uploads\/2025\/06\/0-23-1024x683.jpg\" alt=\"\" class=\"wp-image-17700\"\/><figcaption class=\"wp-element-caption\">Gobierno presenta nueva estrategia integral para la gesti\u00f3n del tr\u00e1nsito en el Gran Santo Domingo<\/figcaption><\/figure>\n<\/div>","protected":false},"excerpt":{"rendered":"<p>Santo Domingo.-&nbsp;El Gobierno dominicano, a trav\u00e9s del Gabinete de Transporte, present\u00f3 hoy la nueva estrategia integral de gesti\u00f3n del tr\u00e1nsito para el Gran Santo Domingo, una iniciativa que marca un punto de inflexi\u00f3n en la manera en que se organiza, regula y optimiza la movilidad en la capital y zonas aleda\u00f1as. Durante un acto encabezado [&hellip;]<\/p>\n","protected":false},"author":1,"featured_media":17700,"comment_status":"open","ping_status":"open","sticky":false,"template":"","format":"standard","meta":{"_jetpack_memberships_contains_paid_content":false,"footnotes":"","jetpack_publicize_message":"","jetpack_publicize_feature_enabled":true,"jetpack_social_post_already_shared":true,"jetpack_social_options":{"image_generator_settings":{"template":"highway","enabled":false}}},"categories":[1],"tags":[92],"class_list":["post-17698","post","type-post","status-publish","format-standard","has-post-thumbnail","hentry","category-actualidad","tag-intrant"],"jetpack_publicize_connections":[],"jetpack_sharing_enabled":true,"jetpack_featured_media_url":"https:\/\/panoramatv.com.do\/wp-content\/uploads\/2025\/06\/0-23.jpg","jetpack_likes_enabled":true,"jetpack-related-posts":[],"_links":{"self":[{"href":"https:\/\/panoramatv.com.do\/index.php\/wp-json\/wp\/v2\/posts\/17698","targetHints":{"allow":["GET"]}}],"collection":[{"href":"https:\/\/panoramatv.com.do\/index.php\/wp-json\/wp\/v2\/posts"}],"about":[{"href":"https:\/\/panoramatv.com.do\/index.php\/wp-json\/wp\/v2\/types\/post"}],"author":[{"embeddable":true,"href":"https:\/\/panoramatv.com.do\/index.php\/wp-json\/wp\/v2\/users\/1"}],"replies":[{"embeddable":true,"href":"https:\/\/panoramatv.com.do\/index.php\/wp-json\/wp\/v2\/comments?post=17698"}],"version-history":[{"count":0,"href":"https:\/\/panoramatv.com.do\/index.php\/wp-json\/wp\/v2\/posts\/17698\/revisions"}],"wp:featuredmedia":[{"embeddable":true,"href":"https:\/\/panoramatv.com.do\/index.php\/wp-json\/wp\/v2\/media\/17700"}],"wp:attachment":[{"href":"https:\/\/panoramatv.com.do\/index.php\/wp-json\/wp\/v2\/media?parent=17698"}],"wp:term":[{"taxonomy":"category","embeddable":true,"href":"https:\/\/panoramatv.com.do\/index.php\/wp-json\/wp\/v2\/categories?post=17698"},{"taxonomy":"post_tag","embeddable":true,"href":"https:\/\/panoramatv.com.do\/index.php\/wp-json\/wp\/v2\/tags?post=17698"}],"curies":[{"name":"wp","href":"https:\/\/api.w.org\/{rel}","templated":true}]}}